{"id":122796,"date":"2023-06-02T11:25:40","date_gmt":"2023-06-02T14:25:40","guid":{"rendered":"https:\/\/vinasfm.com\/noticias\/?p=122796"},"modified":"2023-06-03T10:00:03","modified_gmt":"2023-06-03T13:00:03","slug":"pronostico-del-tiempo-extendido-para-este-fin-de-semana","status":"publish","type":"post","link":"https:\/\/vinasfm.com\/noticias\/pronostico-del-tiempo-extendido-para-este-fin-de-semana\/","title":{"rendered":"PRON\u00d3STICO DEL TIEMPO EXTENDIDO PARA ESTE FIN DE SEMANA"},"content":{"rendered":"<h4>Contin\u00faan las temperaturas oto\u00f1ales en nuestro departamento de cara al primer fin de semana en el mes de junio<\/h4>\n<h2><em><strong>Viernes<\/strong><\/em><\/h2>\n<p>Viento sur de intensidad moderada a fuerte. Cielo con nubosidad, posibles lloviznas en la tarde (16 hs.) en el este de General Alvear (secano)<\/p>\n<p><em><strong> M\u00e1xima 20\u202f\u00b0C M\u00ednima 6\u202f\u00b0C <\/strong><\/em><\/p>\n<p><em><strong>Nevadas en cordillera de San Rafael-Malarg\u00fce<\/strong><\/em><\/p>\n<h2><em><strong>S\u00e1bado<\/strong><\/em><\/h2>\n<p>Viento norte-noroeste de intensidad moderada a fuerte, cielo con nubosidad. Descenso de temperatura<\/p>\n<p><em><strong> M\u00e1xima 18 \u00b0C M\u00ednima 4 \u00b0C<\/strong><\/em><\/p>\n<h2><strong>Domingo<\/strong><\/h2>\n<p>Viento sureste hasta el mediod\u00eda, luego del norte de intensidad moderada, cielo con nubosidad.<\/p>\n<p><em><strong>M\u00e1xima 19 \u00b0C M\u00ednima 5 \u00b0C<\/strong><\/em><\/p>\n<h2><em><strong>Lunes<\/strong><\/em><\/h2>\n<p>Viento norte moderado en la ma\u00f1ana y fuerte en la tarde, cielo con nubosidad.<\/p>\n<p><em><strong>M\u00e1xima 21 \u00b0C M\u00ednima 7 \u00b0C<\/strong><\/em><\/p>\n","protected":false},"excerpt":{"rendered":"<p>Contin\u00faan las temperaturas oto\u00f1ales en nuestro departamento de cara al primer fin de semana en el mes de junio Viernes Viento &#8230;<\/p>\n","protected":false},"author":7,"featured_media":53566,"comment_status":"open","ping_status":"open","sticky":false,"template":"","format":"standard","meta":{"footnotes":""},"categories":[5,36],"tags":[],"class_list":["post-122796","post","type-post","status-publish","format-standard","has-post-thumbnail","hentry","category-actualidad","category-pronostico"],"_links":{"self":[{"href":"https:\/\/vinasfm.com\/noticias\/wp-json\/wp\/v2\/posts\/122796","targetHints":{"allow":["GET"]}}],"collection":[{"href":"https:\/\/vinasfm.com\/noticias\/wp-json\/wp\/v2\/posts"}],"about":[{"href":"https:\/\/vinasfm.com\/noticias\/wp-json\/wp\/v2\/types\/post"}],"author":[{"embeddable":true,"href":"https:\/\/vinasfm.com\/noticias\/wp-json\/wp\/v2\/users\/7"}],"replies":[{"embeddable":true,"href":"https:\/\/vinasfm.com\/noticias\/wp-json\/wp\/v2\/comments?post=122796"}],"version-history":[{"count":1,"href":"https:\/\/vinasfm.com\/noticias\/wp-json\/wp\/v2\/posts\/122796\/revisions"}],"predecessor-version":[{"id":122798,"href":"https:\/\/vinasfm.com\/noticias\/wp-json\/wp\/v2\/posts\/122796\/revisions\/122798"}],"wp:featuredmedia":[{"embeddable":true,"href":"https:\/\/vinasfm.com\/noticias\/wp-json\/wp\/v2\/media\/53566"}],"wp:attachment":[{"href":"https:\/\/vinasfm.com\/noticias\/wp-json\/wp\/v2\/media?parent=122796"}],"wp:term":[{"taxonomy":"category","embeddable":true,"href":"https:\/\/vinasfm.com\/noticias\/wp-json\/wp\/v2\/categories?post=122796"},{"taxonomy":"post_tag","embeddable":true,"href":"https:\/\/vinasfm.com\/noticias\/wp-json\/wp\/v2\/tags?post=122796"}],"curies":[{"name":"wp","href":"https:\/\/api.w.org\/{rel}","templated":true}]}}