{"id":122789,"date":"2023-06-02T10:56:40","date_gmt":"2023-06-02T13:56:40","guid":{"rendered":"https:\/\/vinasfm.com\/noticias\/?p=122789"},"modified":"2023-06-02T10:56:40","modified_gmt":"2023-06-02T13:56:40","slug":"suarez-presento-un-reclamo-a-nacion-por-discriminacion-en-el-reparto-de-fondos-nacionales","status":"publish","type":"post","link":"https:\/\/vinasfm.com\/noticias\/suarez-presento-un-reclamo-a-nacion-por-discriminacion-en-el-reparto-de-fondos-nacionales\/","title":{"rendered":"SUAREZ PRESENT\u00d3 UN RECLAMO A NACI\u00d3N POR DISCRIMINACI\u00d3N EN EL REPARTO DE FONDOS NACIONALES"},"content":{"rendered":"<p><strong>Acus\u00f3 al Gobierno nacional de tratar de forma injusta y desigual a los mendocinos.<\/strong><\/p>\n<p>El gobernador\u00a0<strong>Rodolfo Suarez\u00a0<\/strong>anunci\u00f3 en sus redes sociales que la provincia de Mendoza\u00a0present\u00f3 un reclamo al Gobierno de la Naci\u00f3n ante <strong><em>\u201cla discriminaci\u00f3n sufrida en el reparto de fondos nacionales\u201d.<\/em><\/strong><\/p>\n<p><em><strong>\u201cHa sido claramente perjudicada, quedando por debajo de jurisdicciones con menos habitantes. Este es el primer paso para reparar el trato injusto y desigual hacia los mendocinos\u201d<\/strong>,<\/em>\u00a0inst\u00f3 Suarez en su cuenta de Twitter.<\/p>\n<figure class=\"wp-block-embed is-type-rich is-provider-twitter wp-block-embed-twitter\">\n<div class=\"wp-block-embed__wrapper\">\n<div class=\"twitter-tweet twitter-tweet-rendered\"><iframe id=\"twitter-widget-0\" class=\"\" title=\"Twitter Tweet\" src=\"https:\/\/platform.twitter.com\/embed\/Tweet.html?creatorScreenName=elsolonline&amp;dnt=true&amp;embedId=twitter-widget-0&amp;features=eyJ0ZndfdGltZWxpbmVfbGlzdCI6eyJidWNrZXQiOltdLCJ2ZXJzaW9uIjpudWxsfSwidGZ3X2ZvbGxvd2VyX2NvdW50X3N1bnNldCI6eyJidWNrZXQiOnRydWUsInZlcnNpb24iOm51bGx9LCJ0ZndfdHdlZXRfZWRpdF9iYWNrZW5kIjp7ImJ1Y2tldCI6Im9uIiwidmVyc2lvbiI6bnVsbH0sInRmd19yZWZzcmNfc2Vzc2lvbiI6eyJidWNrZXQiOiJvbiIsInZlcnNpb24iOm51bGx9LCJ0ZndfZm9zbnJfc29mdF9pbnRlcnZlbnRpb25zX2VuYWJsZWQiOnsiYnVja2V0Ijoib24iLCJ2ZXJzaW9uIjpudWxsfSwidGZ3X21peGVkX21lZGlhXzE1ODk3Ijp7ImJ1Y2tldCI6InRyZWF0bWVudCIsInZlcnNpb24iOm51bGx9LCJ0ZndfZXhwZXJpbWVudHNfY29va2llX2V4cGlyYXRpb24iOnsiYnVja2V0IjoxMjA5NjAwLCJ2ZXJzaW9uIjpudWxsfSwidGZ3X3Nob3dfYmlyZHdhdGNoX3Bpdm90c19lbmFibGVkIjp7ImJ1Y2tldCI6Im9uIiwidmVyc2lvbiI6bnVsbH0sInRmd19kdXBsaWNhdGVfc2NyaWJlc190b19zZXR0aW5ncyI6eyJidWNrZXQiOiJvbiIsInZlcnNpb24iOm51bGx9LCJ0ZndfdXNlX3Byb2ZpbGVfaW1hZ2Vfc2hhcGVfZW5hYmxlZCI6eyJidWNrZXQiOiJvbiIsInZlcnNpb24iOm51bGx9LCJ0ZndfdmlkZW9faGxzX2R5bmFtaWNfbWFuaWZlc3RzXzE1MDgyIjp7ImJ1Y2tldCI6InRydWVfYml0cmF0ZSIsInZlcnNpb24iOm51bGx9LCJ0ZndfbGVnYWN5X3RpbWVsaW5lX3N1bnNldCI6eyJidWNrZXQiOnRydWUsInZlcnNpb24iOm51bGx9LCJ0ZndfdHdlZXRfZWRpdF9mcm9udGVuZCI6eyJidWNrZXQiOiJvbiIsInZlcnNpb24iOm51bGx9fQ%3D%3D&amp;frame=false&amp;hideCard=false&amp;hideThread=false&amp;id=1664312923823521800&amp;lang=es&amp;origin=https%3A%2F%2Fwww.elsol.com.ar%2Fmendoza%2Fsuarez-presento-un-reclamo-a-nacion-por-discriminacion-en-el-reparto-de-fondos-nacionales%2F&amp;sessionId=2112a126b0a2bda9c313751c2c45fb3dc7892c0f&amp;siteScreenName=elsolonline&amp;theme=light&amp;widgetsVersion=aaf4084522e3a%3A1674595607486&amp;width=550px\" frameborder=\"0\" scrolling=\"no\" allowfullscreen=\"allowfullscreen\" data-tweet-id=\"1664312923823521800\" data-mce-fragment=\"1\"><\/iframe><\/div>\n<\/div>\n<\/figure>\n<p>&nbsp;<\/p>\n<p>Con la gesti\u00f3n de\u00a0<strong>Sergio Massa<\/strong>\u00a0al frente del\u00a0<strong>Ministerio de Econom\u00eda<\/strong>, el\u00a0<strong>reparto de fondos discrecionales<\/strong>\u00a0hacia las provincias\u00a0<strong>se redujo<\/strong>\u00a0a diciembre de 2022 un\u00a0<strong>22%<\/strong>, respecto del mismo mes del a\u00f1o anterior.<\/p>\n<p>En ese esquema de recortes,\u00a0<strong>Mendoza<\/strong>\u00a0es la provincia que\u00a0<strong>qued\u00f3 \u00faltima<\/strong>\u00a0en la distribuci\u00f3n de una torta millonaria que encabeza c\u00f3modamente\u00a0<strong>La Rioja<\/strong>, situaci\u00f3n que alimenta los cuestionamientos en el oficialismo local que generalmente han considerado que hay una discriminaci\u00f3n de la\u00a0<strong>Casa Rosada<\/strong>.<\/p>\n<aside class=\"scaip scaip-2    \">\n<div class=\"newspack_global_ad scaip-2 fixed-height\">\n<div id=\"div-gpt-ad-f46184df3d-0\" data-google-query-id=\"CIq-qejdpP8CFUM3uQYdtj4IiQ\">\n<div id=\"google_ads_iframe_\/91584839\/NOTA_INLINE_2_0__container__\">El dato que marca la disparidad entre Mendoza y otras jurisdicciones corresponde a las\u00a0transferencias presupuestarias que se mide por habitante en pesos corrientes. Se trata de\u00a0<strong>transferencias no autom\u00e1ticas<\/strong>, en otras palabras, que quedan por fuera de la\u00a0<strong>coparticipaci\u00f3n<\/strong>\u00a0y, por ende, al arbitrio de las necesidades de cada lugar y de quien detente la lapicera.<\/div>\n<div><img loading=\"lazy\" decoding=\"async\" class=\"aligncenter\" src=\"https:\/\/i0.wp.com\/newspack-elsol.s3.amazonaws.com\/wp-content\/uploads\/2023\/06\/fondos-nacionales.jpg?resize=580%2C1024&amp;ssl=1\" width=\"501\" height=\"885\" \/><\/div>\n<div>\n<p>En total, se repartieron recursos por\u00a0<strong>$810.538,8 millones<\/strong>\u00a0durante 2022, pero con una ca\u00edda que llega al 30% en la variaci\u00f3n interanual. Se trata de fondos que van destinados desde la obra p\u00fablica a la educaci\u00f3n, pero tambi\u00e9n Salud y Desarrollo Social y los ATN que otorga Interior.<\/p>\n<p>Mendoza recibi\u00f3 de la Naci\u00f3n\u00a0<strong>$5.936 por habitante<\/strong>, cifra que la ubica \u00faltima en la tabla.<\/p>\n<p>Para verlo con otra perspectiva,\u00a0el promedio nacional se encuentra en<strong>\u00a0$17.350<\/strong>\u00a0por habitante. Mendoza no s\u00f3lo est\u00e1 por debajo de esa vara, sino que incluso m\u00e1s abajo que otras provincias que est\u00e1n situadas en el rango de los $10.000 por persona.<\/p>\n<\/div>\n<\/div>\n<\/div>\n<\/aside>\n","protected":false},"excerpt":{"rendered":"<p>Acus\u00f3 al Gobierno nacional de tratar de forma injusta y desigual a los mendocinos. El gobernador\u00a0Rodolfo Suarez\u00a0anunci\u00f3 en sus redes sociales &#8230;<\/p>\n","protected":false},"author":7,"featured_media":122790,"comment_status":"open","ping_status":"open","sticky":false,"template":"","format":"standard","meta":{"footnotes":""},"categories":[1],"tags":[],"class_list":["post-122789","post","type-post","status-publish","format-standard","has-post-thumbnail","hentry","category-fmvinas"],"_links":{"self":[{"href":"https:\/\/vinasfm.com\/noticias\/wp-json\/wp\/v2\/posts\/122789","targetHints":{"allow":["GET"]}}],"collection":[{"href":"https:\/\/vinasfm.com\/noticias\/wp-json\/wp\/v2\/posts"}],"about":[{"href":"https:\/\/vinasfm.com\/noticias\/wp-json\/wp\/v2\/types\/post"}],"author":[{"embeddable":true,"href":"https:\/\/vinasfm.com\/noticias\/wp-json\/wp\/v2\/users\/7"}],"replies":[{"embeddable":true,"href":"https:\/\/vinasfm.com\/noticias\/wp-json\/wp\/v2\/comments?post=122789"}],"version-history":[{"count":1,"href":"https:\/\/vinasfm.com\/noticias\/wp-json\/wp\/v2\/posts\/122789\/revisions"}],"predecessor-version":[{"id":122791,"href":"https:\/\/vinasfm.com\/noticias\/wp-json\/wp\/v2\/posts\/122789\/revisions\/122791"}],"wp:featuredmedia":[{"embeddable":true,"href":"https:\/\/vinasfm.com\/noticias\/wp-json\/wp\/v2\/media\/122790"}],"wp:attachment":[{"href":"https:\/\/vinasfm.com\/noticias\/wp-json\/wp\/v2\/media?parent=122789"}],"wp:term":[{"taxonomy":"category","embeddable":true,"href":"https:\/\/vinasfm.com\/noticias\/wp-json\/wp\/v2\/categories?post=122789"},{"taxonomy":"post_tag","embeddable":true,"href":"https:\/\/vinasfm.com\/noticias\/wp-json\/wp\/v2\/tags?post=122789"}],"curies":[{"name":"wp","href":"https:\/\/api.w.org\/{rel}","templated":true}]}}