{"id":122774,"date":"2023-06-02T09:33:07","date_gmt":"2023-06-02T12:33:07","guid":{"rendered":"https:\/\/vinasfm.com\/noticias\/?p=122774"},"modified":"2023-06-02T09:33:07","modified_gmt":"2023-06-02T12:33:07","slug":"se-comenzo-a-trabajar-en-el-primer-centro-de-recepcion-primaria-de-envases-de-fitosanitarios-en-general-alvear","status":"publish","type":"post","link":"https:\/\/vinasfm.com\/noticias\/se-comenzo-a-trabajar-en-el-primer-centro-de-recepcion-primaria-de-envases-de-fitosanitarios-en-general-alvear\/","title":{"rendered":"SE COMENZ\u00d3 A TRABAJAR EN EL PRIMER CENTRO DE RECEPCI\u00d3N PRIMARIA DE ENVASES DE FITOSANITARIOS EN GENERAL ALVEAR"},"content":{"rendered":"<p><strong>En el marco del Convenio entre la Asociaci\u00f3n CampoLimpio, ISCAMEN y la Secretar\u00eda de Ambiente y Ordenamiento Territorial de la provincia, \u00a0comenz\u00f3 una nueva etapa del Programa Campo Limpio referido a la gesti\u00f3n de Envases vac\u00edos de Fitosanitarios para su reciclado o destrucci\u00f3n.<\/strong><\/p>\n<p>Se trata del Primero de una extensa red de peque\u00f1os centros de recepci\u00f3n primaria que buscan establecer mecanismos amigables para facilitar a los productores de la provincia la entrega de estos envases previamente lavados. Un nuevo eslab\u00f3n dentro la cadena de gesti\u00f3n que facilita al productor\u00a0 llevar los envases triplemente lavados \u00a0y luego remitirlos a un Centro de Almacenamiento Transitorio (CAT) \u00a0para su selecci\u00f3n y compactado.<\/p>\n<p>La provincia ya cuenta con cuatro Centros de Almacenamiento Transitorio (CAT) en Guaymall\u00e9n, Jun\u00edn, Valle de Uco y\u00a0 San Rafael, \u00a0los cuales que son parte de esa red se est\u00e1 desarrollando en todo el territorio provincial para el \u00a0acopio y posterior reciclado de envases vac\u00edos de agroqu\u00edmicos<\/p>\n<p>La actual normativa nacional, Ley N\u00b0 27.279, establece presupuestos m\u00ednimos para la gesti\u00f3n de los envases vac\u00edos de fitosanitarios, requiriendo una gesti\u00f3n diferenciada y condicionada. Quedan comprendidos en los alcances de esta ley todos los envases vac\u00edos de fitosanitarios utilizados en el territorio nacional, los que deben ingresar a un Sistema de Gesti\u00f3n Integral de Envases Vac\u00edos de Fitosanitarios.<\/p>\n<h2><strong>Acerca del Programa<\/strong><\/h2>\n<p>En Mendoza, el programa de gesti\u00f3n de envases vac\u00edos de agroqu\u00edmicos, pionero en el pa\u00eds, comenz\u00f3 a desarrollarse en el a\u00f1o 1998 bajo el Programa \u201cLimpiemos el Campo\u201d. A nivel nacional, La Ley N\u00ba 27.279, impulsada en 2016 por el modelo de ISCAMEN, establece los presupuestos m\u00ednimos de protecci\u00f3n ambiental para la gesti\u00f3n de los envases vac\u00edos de fitosanitarios, determinando la obligatoriedad de estas. Mendoza adhiere a este marco legal.<\/p>\n<p>La normativa vigente establece que los productores est\u00e1n obligados a entregar los envases en los centros de acopio que se generan en la provincia, siendo el ISCAMEN y la Direcci\u00f3n de Protecci\u00f3n Ambiental los organismos competentes para la aplicaci\u00f3n de esta ley.<\/p>\n","protected":false},"excerpt":{"rendered":"<p>En el marco del Convenio entre la Asociaci\u00f3n CampoLimpio, ISCAMEN y la Secretar\u00eda de Ambiente y Ordenamiento Territorial de la provincia, &#8230;<\/p>\n","protected":false},"author":7,"featured_media":122776,"comment_status":"open","ping_status":"open","sticky":false,"template":"","format":"standard","meta":{"footnotes":""},"categories":[1],"tags":[],"class_list":["post-122774","post","type-post","status-publish","format-standard","has-post-thumbnail","hentry","category-fmvinas"],"_links":{"self":[{"href":"https:\/\/vinasfm.com\/noticias\/wp-json\/wp\/v2\/posts\/122774","targetHints":{"allow":["GET"]}}],"collection":[{"href":"https:\/\/vinasfm.com\/noticias\/wp-json\/wp\/v2\/posts"}],"about":[{"href":"https:\/\/vinasfm.com\/noticias\/wp-json\/wp\/v2\/types\/post"}],"author":[{"embeddable":true,"href":"https:\/\/vinasfm.com\/noticias\/wp-json\/wp\/v2\/users\/7"}],"replies":[{"embeddable":true,"href":"https:\/\/vinasfm.com\/noticias\/wp-json\/wp\/v2\/comments?post=122774"}],"version-history":[{"count":2,"href":"https:\/\/vinasfm.com\/noticias\/wp-json\/wp\/v2\/posts\/122774\/revisions"}],"predecessor-version":[{"id":122778,"href":"https:\/\/vinasfm.com\/noticias\/wp-json\/wp\/v2\/posts\/122774\/revisions\/122778"}],"wp:featuredmedia":[{"embeddable":true,"href":"https:\/\/vinasfm.com\/noticias\/wp-json\/wp\/v2\/media\/122776"}],"wp:attachment":[{"href":"https:\/\/vinasfm.com\/noticias\/wp-json\/wp\/v2\/media?parent=122774"}],"wp:term":[{"taxonomy":"category","embeddable":true,"href":"https:\/\/vinasfm.com\/noticias\/wp-json\/wp\/v2\/categories?post=122774"},{"taxonomy":"post_tag","embeddable":true,"href":"https:\/\/vinasfm.com\/noticias\/wp-json\/wp\/v2\/tags?post=122774"}],"curies":[{"name":"wp","href":"https:\/\/api.w.org\/{rel}","templated":true}]}}