{"id":122765,"date":"2023-06-02T08:36:19","date_gmt":"2023-06-02T11:36:19","guid":{"rendered":"https:\/\/vinasfm.com\/noticias\/?p=122765"},"modified":"2023-06-02T11:25:38","modified_gmt":"2023-06-02T14:25:38","slug":"cierran-paso-pehuenche-el-pronostico-de-nevadas","status":"publish","type":"post","link":"https:\/\/vinasfm.com\/noticias\/cierran-paso-pehuenche-el-pronostico-de-nevadas\/","title":{"rendered":"CIERRAN PASO PEHUENCHE: EL PRON\u00d3STICO DE NEVADAS"},"content":{"rendered":"<p class=\"news-headline__article-summary\"><strong>Durante todo el fin de semana Paso Pehuenche permanecer\u00e1 cerrado para el tr\u00e1nsito vehicular. Se esperan precipitaciones n\u00edveas en alta monta\u00f1a.<\/strong><\/p>\n<article class=\"article-body article-body--first-paragraph\" data-td-script-src=\"https:\/\/www.sitioandino.com.ar\/td\/modulos\/encuestas\/js\/function-embeds-min-version-1661266680.js\">Hasta el pr\u00f3ximo domingo estar\u00e1 cerrado\u00a0<strong>Paso Pehuenche<\/strong>, debido a las condiciones ambientales adversas que se registrar\u00edan en alta monta\u00f1a,\u00a0<strong>con nevadas,\u00a0<\/strong>algunas fuertes. La medida rige a partir de hoy, y se espera la evoluci\u00f3n del temporal y la acumulaci\u00f3n de nieve para tomar decisiones.<\/article>\n<article class=\"article-body article-body--second-paragraph\">Sobre el cierre de la jornada de este jueves,\u00a0el coordinador del Centro de Frontera\u00a0<strong>Pehuenche,<\/strong>\u00a0Pablo Cabrera, inform\u00f3 que \u201csuspenden la transitabilidad por Paso Internacional Pehuenche\u201d, a partir del 2 de junio.<\/p>\n<article class=\"article-body article-body--second-paragraph\">La decisi\u00f3n fue consensuada entre los gobiernos de Argentina y Chile y \u201cen atenci\u00f3n a las condiciones meteorol\u00f3gicas pronosticadas para la precordillera y cordillera de la Regi\u00f3n del Maule\u201d, y del Sur de la Provincia de Mendoza, en Argentina.<\/article>\n<article class=\"article-body article-body--second-paragraph\">La medida comienza a regir desde este viernes\u00a0<strong>al \u201cdomingo 04 de junio de 2023 o hasta que las condiciones meteorol\u00f3gicas lo ameriten<\/strong>\u201d, recomendando los entes pertinentes \u201cla restricci\u00f3n de la circulaci\u00f3n de todo tipo de veh\u00edculos\u201d en este camino de alta monta\u00f1a.<\/article>\n<article class=\"article-body article-body--third-paragraph\">\n<h2>Fuertes nevadas durante el viernes<\/h2>\n<p>Se estima que las\u00a0precipitaciones de mayor intensidad\u00a0se registren durante la ma\u00f1ana de este viernes, y por encima de los 2.800 metros sobre el nivel del mar, disminuyendo en intensidad hacia la noche. No se descartan neviscas el s\u00e1bado.<\/p>\n<p>El temporal que ingresa desde el Oc\u00e9ano Pac\u00edfico, cubrir\u00edan una importante franja de la cordillera mendocina, desde\u00a0<strong>Paso Pehuenche, hasta el Cord\u00f3n del Plata, en el Valle de Uco<\/strong>.<\/p>\n<h2>El tiempo en la ciudad de Malarg\u00fce<\/h2>\n<p>El\u00a0<strong>Servicio Meteorol\u00f3gico Nacional<\/strong>\u00a0anticipa para la ciudad de Malarg\u00fce y sus alrededores lluvias aisladas durante la ma\u00f1ana y tarde de hoy. La temperatura m\u00ednima rondar\u00eda en los 6\u00b0, mientras que la m\u00e1xima podr\u00eda llegar a los 16\u00b0.<\/p>\n<p>Para el s\u00e1bado se espera una jornada ventosa, y con cielo parcialmente nublado, condiciones que reinar\u00edan en el este departamental.<\/p>\n<h6>Fuente: SitioAndino<\/h6>\n<\/article>\n<\/article>\n","protected":false},"excerpt":{"rendered":"<p>Durante todo el fin de semana Paso Pehuenche permanecer\u00e1 cerrado para el tr\u00e1nsito vehicular. Se esperan precipitaciones n\u00edveas en alta monta\u00f1a. &#8230;<\/p>\n","protected":false},"author":7,"featured_media":122766,"comment_status":"open","ping_status":"open","sticky":false,"template":"","format":"standard","meta":{"footnotes":""},"categories":[5,30],"tags":[],"class_list":["post-122765","post","type-post","status-publish","format-standard","has-post-thumbnail","hentry","category-actualidad","category-paso-pehuenche"],"_links":{"self":[{"href":"https:\/\/vinasfm.com\/noticias\/wp-json\/wp\/v2\/posts\/122765","targetHints":{"allow":["GET"]}}],"collection":[{"href":"https:\/\/vinasfm.com\/noticias\/wp-json\/wp\/v2\/posts"}],"about":[{"href":"https:\/\/vinasfm.com\/noticias\/wp-json\/wp\/v2\/types\/post"}],"author":[{"embeddable":true,"href":"https:\/\/vinasfm.com\/noticias\/wp-json\/wp\/v2\/users\/7"}],"replies":[{"embeddable":true,"href":"https:\/\/vinasfm.com\/noticias\/wp-json\/wp\/v2\/comments?post=122765"}],"version-history":[{"count":2,"href":"https:\/\/vinasfm.com\/noticias\/wp-json\/wp\/v2\/posts\/122765\/revisions"}],"predecessor-version":[{"id":122797,"href":"https:\/\/vinasfm.com\/noticias\/wp-json\/wp\/v2\/posts\/122765\/revisions\/122797"}],"wp:featuredmedia":[{"embeddable":true,"href":"https:\/\/vinasfm.com\/noticias\/wp-json\/wp\/v2\/media\/122766"}],"wp:attachment":[{"href":"https:\/\/vinasfm.com\/noticias\/wp-json\/wp\/v2\/media?parent=122765"}],"wp:term":[{"taxonomy":"category","embeddable":true,"href":"https:\/\/vinasfm.com\/noticias\/wp-json\/wp\/v2\/categories?post=122765"},{"taxonomy":"post_tag","embeddable":true,"href":"https:\/\/vinasfm.com\/noticias\/wp-json\/wp\/v2\/tags?post=122765"}],"curies":[{"name":"wp","href":"https:\/\/api.w.org\/{rel}","templated":true}]}}