{"id":122757,"date":"2023-06-02T08:27:08","date_gmt":"2023-06-02T11:27:08","guid":{"rendered":"https:\/\/vinasfm.com\/noticias\/?p=122757"},"modified":"2023-06-02T09:45:45","modified_gmt":"2023-06-02T12:45:45","slug":"a-diez-dias-de-las-paso-intendentes-del-sur-y-hebe-casado-respaldaron-la-lista-de-cambia-mendoza","status":"publish","type":"post","link":"https:\/\/vinasfm.com\/noticias\/a-diez-dias-de-las-paso-intendentes-del-sur-y-hebe-casado-respaldaron-la-lista-de-cambia-mendoza\/","title":{"rendered":"A DIEZ D\u00cdAS DE LAS PASO, INTENDENTES DEL SUR Y HEBE CASADO RESPALDARON LA LISTA DE CAMBIA MENDOZA"},"content":{"rendered":"<p><strong>Walter Marcolini, Juan Manuel Ojeda, el candidato a intendente Abel Freidemberg y Hebe Casado apuntalaron a los precandidatos del cuatro distrito de la lista que encabeza Alfredo Cornejo.<\/strong><\/p>\n<p>El primero en tomar la palabra fue el intendente de General Alvear, Walther Marcolini qui\u00e9n destac\u00f3 la importancia de continuar con el trabajo que viene haciendo el radicalismo en la provincia desde hace alg\u00fan tiempo. <em><strong>\u00a0\u201cHay un equipo de trabajo, una visi\u00f3n, un objetivo. Queremos acompa\u00f1ar a Alfredo Cornejo y a\u00a0Hebe Casado. Estamos trabajando en una agenda muy rica en el sur. Vamos a luchar por\u00a0Portezuelo\u00a0y el trasvase del r\u00edo Grande al Atuel\u201d<\/strong><\/em>, expres\u00f3 Marcolini.<\/p>\n<p><strong><em> \u00abCreemos que el sur se puede transformar. Tenemos la visi\u00f3n de que Alvear, San Rafael y Malarg\u00fce crezcan gracias a nuestros proyectos de transporte, educaci\u00f3n, salud y sobre todo apoyando a Portezuelo del Viento que sin dudas es un tema estrat\u00e9gico para Mendoza y nuestra agricultura\u00bb<\/em><\/strong>, complet\u00f3 el precandidato a Senador Provincial.<\/p>\n<p>Luego continu\u00f3 el malarg\u00fcino Juan Manuel Ojeda. El intendente del departamento m\u00e1s sure\u00f1o le puso valor a la presecia y participaci\u00f3n de Hebe Casado como medica. dirigente y mujer. <strong><em>\u201cEs importante que defendamos el sur en la Legislatura. Tenemos todo para desarrollarnos. Necesitamos seguir trabajando con el gobierno provincial y la ayuda del Gobierno Nacional, que nos atiendan el tel\u00e9fono\u201d<\/em><\/strong>, manifest\u00f3.<\/p>\n<p>En tercer lugar fue Casado quien tomo la palabra y destac\u00f3 la labor de Marcolini y Ojeda. <strong><em>\u00abJuan Manuel y tambi\u00e9n Walter, ambos est\u00e1n pensando siempre en m\u00e1s, no solamente en el corto plazo, no s\u00f3lo en la placita bonita. Est\u00e1n pensando siempre en progreso, en desarrollo, en trabajo, en darle dignidad a cada uno de los ciudadanos que viven en sus departamentos. Entonces yo veo con envidia qu\u00e9 es lo que hacen ellos, qu\u00e9 no se hace ac\u00e1 en San Rafael y qu\u00e9 no se ha hecho en 20 a\u00f1os. Entonces queremos que San Rafael tambi\u00e9n sea parte de ese cambio\u00bb, <\/em><\/strong>expuso la precandidata a vicegobernadra.<\/p>\n<p>Abel Freidemberg tambi\u00e9n se refiri\u00f3 a la importancia de continuar con el cambio que inici\u00f3 Alfredo Cornejo en 2015.<em><strong> \u00abTanto Walter, tanto Juan Manuel, han hecho un diagn\u00f3stico, hablaron de geopol\u00edtica con una visi\u00f3n realmente superadora, pensando en el desarrollo y la generaci\u00f3n de trabajo genuino. Ahora es el turno de aplicar ese estudio en San Rafael. Hay un equipo que trabaja por defender a los casi 300.000 habitantes que tenemos en el sur para potenciar a Mendoza y por qu\u00e9 no a Argentina, por eso seguiremos trabajando siempre incansablemente y con un gran equipo que respalda y hace que un liderazgo sea mucho m\u00e1s f\u00e1cil de llevar\u00bb<\/strong><\/em>, concluy\u00f3 el candidato a intendente de San Rafael.<\/p>\n<p>&nbsp;<\/p>\n<h6>Vallejos, G.<\/h6>\n","protected":false},"excerpt":{"rendered":"<p>Walter Marcolini, Juan Manuel Ojeda, el candidato a intendente Abel Freidemberg y Hebe Casado apuntalaron a los precandidatos del cuatro distrito &#8230;<\/p>\n","protected":false},"author":7,"featured_media":122763,"comment_status":"open","ping_status":"open","sticky":false,"template":"","format":"standard","meta":{"footnotes":""},"categories":[1],"tags":[],"class_list":["post-122757","post","type-post","status-publish","format-standard","has-post-thumbnail","hentry","category-fmvinas"],"_links":{"self":[{"href":"https:\/\/vinasfm.com\/noticias\/wp-json\/wp\/v2\/posts\/122757","targetHints":{"allow":["GET"]}}],"collection":[{"href":"https:\/\/vinasfm.com\/noticias\/wp-json\/wp\/v2\/posts"}],"about":[{"href":"https:\/\/vinasfm.com\/noticias\/wp-json\/wp\/v2\/types\/post"}],"author":[{"embeddable":true,"href":"https:\/\/vinasfm.com\/noticias\/wp-json\/wp\/v2\/users\/7"}],"replies":[{"embeddable":true,"href":"https:\/\/vinasfm.com\/noticias\/wp-json\/wp\/v2\/comments?post=122757"}],"version-history":[{"count":4,"href":"https:\/\/vinasfm.com\/noticias\/wp-json\/wp\/v2\/posts\/122757\/revisions"}],"predecessor-version":[{"id":122780,"href":"https:\/\/vinasfm.com\/noticias\/wp-json\/wp\/v2\/posts\/122757\/revisions\/122780"}],"wp:featuredmedia":[{"embeddable":true,"href":"https:\/\/vinasfm.com\/noticias\/wp-json\/wp\/v2\/media\/122763"}],"wp:attachment":[{"href":"https:\/\/vinasfm.com\/noticias\/wp-json\/wp\/v2\/media?parent=122757"}],"wp:term":[{"taxonomy":"category","embeddable":true,"href":"https:\/\/vinasfm.com\/noticias\/wp-json\/wp\/v2\/categories?post=122757"},{"taxonomy":"post_tag","embeddable":true,"href":"https:\/\/vinasfm.com\/noticias\/wp-json\/wp\/v2\/tags?post=122757"}],"curies":[{"name":"wp","href":"https:\/\/api.w.org\/{rel}","templated":true}]}}