{"id":122740,"date":"2023-06-01T10:01:04","date_gmt":"2023-06-01T13:01:04","guid":{"rendered":"https:\/\/vinasfm.com\/noticias\/?p=122740"},"modified":"2023-06-02T09:28:30","modified_gmt":"2023-06-02T12:28:30","slug":"recuperagro-tras-la-extension-del-beneficio-por-tres-meses-mas-economia-establecio-un-cronograma-de-reinscripcion-para-el-sur","status":"publish","type":"post","link":"https:\/\/vinasfm.com\/noticias\/recuperagro-tras-la-extension-del-beneficio-por-tres-meses-mas-economia-establecio-un-cronograma-de-reinscripcion-para-el-sur\/","title":{"rendered":"RECUPERAGRO: TRAS LA EXTENSI\u00d3N DEL BENEFICIO POR TRES MESES M\u00c1S, ECONOM\u00cdA ESTABLECI\u00d3 UN CRONOGRAMA DE REINSCRIPCI\u00d3N PARA EL SUR"},"content":{"rendered":"<p><strong>El anuncio estuvo a cargo del delegado del Ministerio en esa zona provincial. A partir del jueves 1 de junio se deber\u00e1 llenar una declaraci\u00f3n jurada para acceder a los fondos durante junio julio y agosto. Detalles. \u00a0<\/strong><\/p>\n<p>Tras el anuncio sobre la extensi\u00f3n del programa Recuperagro para productores del Sur mendocino, desde el Ministerio de Econom\u00eda y Energ\u00eda se estableci\u00f3 un cronograma para revalidar el acceso al beneficio establecido en el marco de la iniciativa.<\/p>\n<p>Los detalles del cronograma fueron brindados por Edgar Rodr\u00edguez, delegado de la cartera econ\u00f3mica local en el Sur. A partir de ma\u00f1ana jueves se deber\u00e1 llenar una declaraci\u00f3n Jurada para acceder a los fondos durante los meses de junio julio y agosto.<\/p>\n<p>En el marco de un encuentro con la prensa, Rodr\u00edguez inform\u00f3 las fechas estipuladas para todos los beneficiarios del programa tanto de San Rafael como de General Alvear, unos 1.500 en total, quienes deber\u00e1n realizar un tr\u00e1mite para acceder al beneficio.<\/p>\n<p><strong><em>\u201cMayo era el \u00faltimo mes de cobro previsto en el marco de la iniciativa que contempla una ayuda econ\u00f3mica equivalente a 60% del salario m\u00ednimo, vital y m\u00f3vil vigente. A ra\u00edz de la extensi\u00f3n del programa, los beneficiarios deber\u00e1n revalidar la participaci\u00f3n\u201d<\/em><\/strong>, destac\u00f3 el funcionario.<\/p>\n<p>Se trata de un tr\u00e1mite muy simple que se podr\u00e1 realizar en las instalaciones de la delegaci\u00f3n del Ministerio de Econom\u00eda y Energ\u00eda en el departamento sure\u00f1o (Alsina 445). La declaraci\u00f3n jurada tambi\u00e9n se podr\u00e1 llenar en las instalaciones de la Oficina de Empleo municipal, frente a la plaza San Mart\u00edn (Coronel Ricardo Day 221, planta alta).<\/p>\n<p>Sobre c\u00f3mo se proceder\u00e1 en este aspecto, el delegado de la cartera econ\u00f3mica provincial en el Sur explic\u00f3:<em><strong> \u201cLos beneficiarios que se inscribieron en el programa en nuestra delegaci\u00f3n en calle Alsina deber\u00e1n venir al mismo lugar para llenar la declaraci\u00f3n jurada\u201d. \u00a0<\/strong><\/em><\/p>\n<p>En este sentido, Rodr\u00edguez remarc\u00f3 que quienes se inscribieron en las instalaciones de la Delegaci\u00f3n de la Sociedad Rural y la Delegaci\u00f3n de Regantes del Atuel superior tambi\u00e9n deber\u00e1n hacerlo en las instalaciones del Ministerio de Econom\u00eda. En cuanto, quienes se inscribieron a trav\u00e9s de la Oficina de Empleo municipal deber\u00e1n asistir a esa misma oficina.<\/p>\n<h2><strong>Cronograma de revalidaci\u00f3n \u00a0<\/strong><\/h2>\n<p>Desde Econom\u00eda se estableci\u00f3 un cronograma de reinscripciones. Al respecto, el funcionario detall\u00f3: \u201cLos documentos de los beneficiarios terminados en 0, 1 y 2 podr\u00e1n realizar el tr\u00e1mite ma\u00f1ana jueves. En tanto, los beneficiarios cuyos documentos de identidad finalicen en 3, 4 y 5 tienen como d\u00eda asignado el viernes\u201d.<\/p>\n<p>Sobre los DNI finalizados en 6, 7, 8 y 9 se podr\u00e1n presentar el lunes 5 de junio.<em><strong> \u201cSi por alg\u00fan motivo alg\u00fan beneficiario no se puede presentar en los d\u00edas establecidos de acuerdo con la finalizaci\u00f3n del DNI, dejaremos el d\u00eda martes pr\u00f3ximo como \u00fanico d\u00eda posible para realizar el tr\u00e1mite\u201d<\/strong><\/em>, a\u00f1adi\u00f3.<\/p>\n<p><strong><em>\u201cEl tr\u00e1mite es muy r\u00e1pido. Deben presentarse tanto el productor como la persona que particip\u00f3 en el entrenamiento. Ambos son los firmantes de la declaraci\u00f3n jurada para que el cobro del beneficio se siga realizando con normalidad\u201d<\/em><\/strong>, destac\u00f3 Rodr\u00edguez, y cerr\u00f3: <strong><em>\u201cEs de suma importancia que se respeten los d\u00edas establecidos para cada DNI. De este modo ser\u00e1 mucho m\u00e1s r\u00e1pido concretar el tr\u00e1mite\u201d. \u00a0<\/em><\/strong><\/p>\n<h2><strong>Sobre el programa \u00a0<\/strong><\/h2>\n<p>Recuperagro se puso en marcha en diciembre de 2022 con el objetivo de brindar asistencia econ\u00f3mica, para micro, peque\u00f1os y medianos productores, trabajadores registrados y personas desocupadas que deseen formarse en dichas actividades. Se trata de una ayuda equivalente a 60% del salario m\u00ednimo, vital y m\u00f3vil (SMVyM).<\/p>\n<p>Desde su creaci\u00f3n y hasta la fecha, se ha beneficiado a 3.800 personas, de 15 departamentos de la provincia, por $853.230.446.<\/p>\n<p>En San Rafael se ha beneficiado a 1.424 personas, con un monto total invertido a la fecha de $321.002.425, y en General Alvear, a 565 personas, con una inversi\u00f3n total de $131.698.644.<\/p>\n<p>Teniendo en cuenta que el programa finalizaba en mayo, se ha decidido prorrogar por tres meses m\u00e1s -junio, julio y agosto- la participaci\u00f3n de los beneficiarios existentes, con una inversi\u00f3n estimada de $641.240.808.<\/p>\n<p>Sumado a lo ya invertido, el monto total estimado en Recuperagro al finalizar agosto de 2023 ser\u00e1 de $1.494.471.254.<\/p>\n","protected":false},"excerpt":{"rendered":"<p>El anuncio estuvo a cargo del delegado del Ministerio en esa zona provincial. A partir del jueves 1 de junio se &#8230;<\/p>\n","protected":false},"author":7,"featured_media":122742,"comment_status":"open","ping_status":"open","sticky":false,"template":"","format":"standard","meta":{"footnotes":""},"categories":[5,14],"tags":[],"class_list":["post-122740","post","type-post","status-publish","format-standard","has-post-thumbnail","hentry","category-actualidad","category-agro"],"_links":{"self":[{"href":"https:\/\/vinasfm.com\/noticias\/wp-json\/wp\/v2\/posts\/122740","targetHints":{"allow":["GET"]}}],"collection":[{"href":"https:\/\/vinasfm.com\/noticias\/wp-json\/wp\/v2\/posts"}],"about":[{"href":"https:\/\/vinasfm.com\/noticias\/wp-json\/wp\/v2\/types\/post"}],"author":[{"embeddable":true,"href":"https:\/\/vinasfm.com\/noticias\/wp-json\/wp\/v2\/users\/7"}],"replies":[{"embeddable":true,"href":"https:\/\/vinasfm.com\/noticias\/wp-json\/wp\/v2\/comments?post=122740"}],"version-history":[{"count":1,"href":"https:\/\/vinasfm.com\/noticias\/wp-json\/wp\/v2\/posts\/122740\/revisions"}],"predecessor-version":[{"id":122743,"href":"https:\/\/vinasfm.com\/noticias\/wp-json\/wp\/v2\/posts\/122740\/revisions\/122743"}],"wp:featuredmedia":[{"embeddable":true,"href":"https:\/\/vinasfm.com\/noticias\/wp-json\/wp\/v2\/media\/122742"}],"wp:attachment":[{"href":"https:\/\/vinasfm.com\/noticias\/wp-json\/wp\/v2\/media?parent=122740"}],"wp:term":[{"taxonomy":"category","embeddable":true,"href":"https:\/\/vinasfm.com\/noticias\/wp-json\/wp\/v2\/categories?post=122740"},{"taxonomy":"post_tag","embeddable":true,"href":"https:\/\/vinasfm.com\/noticias\/wp-json\/wp\/v2\/tags?post=122740"}],"curies":[{"name":"wp","href":"https:\/\/api.w.org\/{rel}","templated":true}]}}