{"id":122733,"date":"2023-06-01T09:51:28","date_gmt":"2023-06-01T12:51:28","guid":{"rendered":"https:\/\/vinasfm.com\/noticias\/?p=122733"},"modified":"2023-06-01T09:55:37","modified_gmt":"2023-06-01T12:55:37","slug":"myrna-osorio-hablo-acerca-del-nuevo-incremento-para-las-jubilaciones-y-pensiones-para-este-mes-de-junio","status":"publish","type":"post","link":"https:\/\/vinasfm.com\/noticias\/myrna-osorio-hablo-acerca-del-nuevo-incremento-para-las-jubilaciones-y-pensiones-para-este-mes-de-junio\/","title":{"rendered":"MYRNA OSORIO HABL\u00d3 ACERCA DEL NUEVO INCREMENTO PARA LAS JUBILACIONES Y PENSIONES PARA ESTE MES DE JUNIO"},"content":{"rendered":"<h4><strong>Hace algunos d\u00edas se anuncio el nuevo incremento de jubilaciones y pensiones del 21% a partir de junio con un refuerzo adicional para aquellos con jubilaciones y pensiones m\u00ednimas que disminuir\u00e1 gradualmente hasta los 5.000 pesos. Tambi\u00e9n se pagar\u00e1 el aguinaldo y se comenzar\u00e1 a pagar lo acumulado anual de las UAH, ANSES est\u00e1 programando un nuevo operativo de salida a los barrios y parajes para brindar la posibilidad de realizar tr\u00e1mites m\u00e1s cerca de sus hogares. Se atendieron entre 500 y 600 personas durante el \u00faltimo operativo de salida en 15 lugares diferentes<\/strong><\/h4>\n<p>La informaci\u00f3n fue brindada por la Jefa de Anses en nuestro departamento, Myrna Osorio: <em><strong>&#8216;ahora en el mes de junio se va a cobrar con el 21% de aumento, eso es para todas las jubilaciones y pensiones, incluso para las asignaciones familiares tambi\u00e9n, pero aquellos que cobran la jubilaci\u00f3n m\u00ednima y los pensionados y pensionadas van a cobrar tambi\u00e9n ese refuerzo de 15.000 pesos&#8217;<\/strong><\/em><\/p>\n<p>Adem\u00e1s explic\u00f3 un poco sobre los operativos que se realizan en todo el departamento: <em><strong>&#8216;acabamos de terminar un importante operativo que se hizo con m\u00e1s de 15 lugares, siempre vamos incorporando nuevos lugares. Estamos ahora programando, todav\u00eda no tenemos las fechas, pero para hacer un nuevo operativo en el mes de junio y julio respetando por ah\u00ed el receso invernal, pero ir a los parajes. El a\u00f1o pasado alcanzamos a ir a Cochico nada m\u00e1s, as\u00ed que este a\u00f1o nos hemos puesto como objetivo recorrer todos, Canalejas, Corral de Lorca, Cochico, La Mora&#8217;<\/strong><\/em><\/p>\n<h6>Ludmila Lucero<\/h6>\n<p>&nbsp;<\/p>\n<p>&nbsp;<\/p>\n","protected":false},"excerpt":{"rendered":"<p>Hace algunos d\u00edas se anuncio el nuevo incremento de jubilaciones y pensiones del 21% a partir de junio con un refuerzo &#8230;<\/p>\n","protected":false},"author":7,"featured_media":59561,"comment_status":"open","ping_status":"open","sticky":false,"template":"","format":"standard","meta":{"footnotes":""},"categories":[1],"tags":[],"class_list":["post-122733","post","type-post","status-publish","format-standard","has-post-thumbnail","hentry","category-fmvinas"],"_links":{"self":[{"href":"https:\/\/vinasfm.com\/noticias\/wp-json\/wp\/v2\/posts\/122733","targetHints":{"allow":["GET"]}}],"collection":[{"href":"https:\/\/vinasfm.com\/noticias\/wp-json\/wp\/v2\/posts"}],"about":[{"href":"https:\/\/vinasfm.com\/noticias\/wp-json\/wp\/v2\/types\/post"}],"author":[{"embeddable":true,"href":"https:\/\/vinasfm.com\/noticias\/wp-json\/wp\/v2\/users\/7"}],"replies":[{"embeddable":true,"href":"https:\/\/vinasfm.com\/noticias\/wp-json\/wp\/v2\/comments?post=122733"}],"version-history":[{"count":3,"href":"https:\/\/vinasfm.com\/noticias\/wp-json\/wp\/v2\/posts\/122733\/revisions"}],"predecessor-version":[{"id":122738,"href":"https:\/\/vinasfm.com\/noticias\/wp-json\/wp\/v2\/posts\/122733\/revisions\/122738"}],"wp:featuredmedia":[{"embeddable":true,"href":"https:\/\/vinasfm.com\/noticias\/wp-json\/wp\/v2\/media\/59561"}],"wp:attachment":[{"href":"https:\/\/vinasfm.com\/noticias\/wp-json\/wp\/v2\/media?parent=122733"}],"wp:term":[{"taxonomy":"category","embeddable":true,"href":"https:\/\/vinasfm.com\/noticias\/wp-json\/wp\/v2\/categories?post=122733"},{"taxonomy":"post_tag","embeddable":true,"href":"https:\/\/vinasfm.com\/noticias\/wp-json\/wp\/v2\/tags?post=122733"}],"curies":[{"name":"wp","href":"https:\/\/api.w.org\/{rel}","templated":true}]}}