{"id":122714,"date":"2023-06-01T08:08:38","date_gmt":"2023-06-01T11:08:38","guid":{"rendered":"https:\/\/vinasfm.com\/noticias\/?p=122714"},"modified":"2023-06-01T10:47:18","modified_gmt":"2023-06-01T13:47:18","slug":"el-iscamen-y-la-ciudad-de-mendoza-continuan-con-el-control-biologico-en-plazas-y-espacios-recreativos","status":"publish","type":"post","link":"https:\/\/vinasfm.com\/noticias\/el-iscamen-y-la-ciudad-de-mendoza-continuan-con-el-control-biologico-en-plazas-y-espacios-recreativos\/","title":{"rendered":"EL ISCAMEN Y LA CIUDAD DE MENDOZA CONTINU\u00c1N CON EL CONTROL BIOL\u00d3GICO EN PLAZAS Y ESPACIOS RECREATIVOS"},"content":{"rendered":"<h4>Se trata de la colocaci\u00f3n de refugios para fauna ben\u00e9fica. En esta ocasi\u00f3n, se instalaron las \u201ccasitas\u201d en la plaza Italia<\/h4>\n<p>En el marco del convenio entre la Ciudad de Mendoza y el Instituto de Sanidad y Calidad Agropecuaria Mendoza (Iscamen), contin\u00faa la\u00a0implementaci\u00f3n del programa de control biol\u00f3gico de plagas en plazas y paseos de Ciudad de Mendoza. La actividad tiene el objetivo de desarrollar una herramienta amigable con el ambiente que apunta a la sustentabilidad de los espacios verdes de la comuna y a preservar un lugar saludable para las personas.<\/p>\n<p>Las primeras labores se iniciaron en la plaza Espa\u00f1a y se han extendido por otros espacios verdes\u00a0y paseos capitalinos, como las plazas Matons y Margarita Malharro de Torres,\u00a0el barrio San Mart\u00edn y la plaza Italia. Se recomienda el cuidado de los refugios o \u201ccasitas\u201d para insectos y no quitar la cintas de los \u00e1rboles. Paralelamente, para reforzar la informaci\u00f3n, se dispondr\u00e1 de un c\u00f3digo QR en los refugios y cintas, donde se podr\u00e1 acceder a mayor cantidad de datos del programa y su utilidad.<\/p>\n<p><strong>Sobre el programa<\/strong><\/p>\n<p>Esta iniciativa se lleva adelante de forma conjunta entre el Municipio y el Iscamen. Tiene como una de sus principales acciones la\u00a0liberaci\u00f3n de insectos ben\u00e9ficos<strong>\u00a0<\/strong>para el control de plagas. Esto es acompa\u00f1ado por la diversificaci\u00f3n de las\u00a0especies ornamentales y flor\u00edferas<strong>\u00a0<\/strong>en canteros, las cuales son atractivos para la\u00a0fauna ben\u00e9fica.<\/p>\n<p>Tambi\u00e9n, en ejemplares de olmo, se aplica una t\u00e9cnica de barrera mec\u00e1nica, que consiste en el encintado con cinta adhesiva en el tronco, para el control del cascarudo del olmo.<\/p>\n","protected":false},"excerpt":{"rendered":"<p>Se trata de la colocaci\u00f3n de refugios para fauna ben\u00e9fica. En esta ocasi\u00f3n, se instalaron las \u201ccasitas\u201d en la plaza Italia &#8230;<\/p>\n","protected":false},"author":7,"featured_media":122715,"comment_status":"open","ping_status":"open","sticky":false,"template":"","format":"standard","meta":{"footnotes":""},"categories":[5,35],"tags":[],"class_list":["post-122714","post","type-post","status-publish","format-standard","has-post-thumbnail","hentry","category-actualidad","category-iscamen"],"_links":{"self":[{"href":"https:\/\/vinasfm.com\/noticias\/wp-json\/wp\/v2\/posts\/122714","targetHints":{"allow":["GET"]}}],"collection":[{"href":"https:\/\/vinasfm.com\/noticias\/wp-json\/wp\/v2\/posts"}],"about":[{"href":"https:\/\/vinasfm.com\/noticias\/wp-json\/wp\/v2\/types\/post"}],"author":[{"embeddable":true,"href":"https:\/\/vinasfm.com\/noticias\/wp-json\/wp\/v2\/users\/7"}],"replies":[{"embeddable":true,"href":"https:\/\/vinasfm.com\/noticias\/wp-json\/wp\/v2\/comments?post=122714"}],"version-history":[{"count":1,"href":"https:\/\/vinasfm.com\/noticias\/wp-json\/wp\/v2\/posts\/122714\/revisions"}],"predecessor-version":[{"id":122717,"href":"https:\/\/vinasfm.com\/noticias\/wp-json\/wp\/v2\/posts\/122714\/revisions\/122717"}],"wp:featuredmedia":[{"embeddable":true,"href":"https:\/\/vinasfm.com\/noticias\/wp-json\/wp\/v2\/media\/122715"}],"wp:attachment":[{"href":"https:\/\/vinasfm.com\/noticias\/wp-json\/wp\/v2\/media?parent=122714"}],"wp:term":[{"taxonomy":"category","embeddable":true,"href":"https:\/\/vinasfm.com\/noticias\/wp-json\/wp\/v2\/categories?post=122714"},{"taxonomy":"post_tag","embeddable":true,"href":"https:\/\/vinasfm.com\/noticias\/wp-json\/wp\/v2\/tags?post=122714"}],"curies":[{"name":"wp","href":"https:\/\/api.w.org\/{rel}","templated":true}]}}