{"id":122707,"date":"2023-06-01T00:18:19","date_gmt":"2023-06-01T03:18:19","guid":{"rendered":"https:\/\/vinasfm.com\/noticias\/?p=122707"},"modified":"2023-06-01T10:39:05","modified_gmt":"2023-06-01T13:39:05","slug":"de-marchi-voy-a-trabajar-con-los-18-intendentes-sin-importar-el-signo-politico-de-cada-uno","status":"publish","type":"post","link":"https:\/\/vinasfm.com\/noticias\/de-marchi-voy-a-trabajar-con-los-18-intendentes-sin-importar-el-signo-politico-de-cada-uno\/","title":{"rendered":"DE MARCHI: \u201cVOY A TRABAJAR CON LOS 18 INTENDENTES, SIN IMPORTAR EL SIGNO POL\u00cdTICO DE CADA UNO\u201d"},"content":{"rendered":"<p><strong>El precandidato a Gobernador por La Uni\u00f3n Mendocina visit\u00f3 Maip\u00fa y tuvo una cargada agenda de actividades durante este mi\u00e9rcoles.<\/strong><\/p>\n<p>En primer lugar, De Marchi visit\u00f3 a los Bomberos Voluntarios de Maip\u00fa, donde escuch\u00f3 las principales dificultades de quienes asisten no solo a los vecinos del departamento, sino que adem\u00e1s brindan asistencia a departamentos como Guaymall\u00e9n, Ciudad de Mendoza y Jun\u00edn.<\/p>\n<p>Adem\u00e1s el precandidato por LAUM se reuni\u00f3 con los padres Fabi\u00e1n y Franco, de la parroquia \u201cNuestra Se\u00f1ora de la Candelaria\u201d, ubicada a escasos metros de la Plaza departamental \u201c12 de Febrero\u201d. El di\u00e1logo estuvo centrado en la situaci\u00f3n social de la provincia.<\/p>\n<p>Por otra parte, De Marchi conoci\u00f3 el emprendimiento privado \u201cCactus Mendoza\u201d. Se trata del imponente predio d\u00f3nde se comercializan cactus y suculentas y que en el \u00faltimo tiempo se ha transformado en un atractivo tur\u00edstico para los que visitan Maip\u00fa.<\/p>\n<p><a href=\"http:\/\/vinasfm.com\/noticias\/wp-content\/uploads\/2023\/06\/fdefdf63-0955-4550-8521-ae5e6805b9f7.jpeg\"><img loading=\"lazy\" decoding=\"async\" class=\"wp-image-122709 aligncenter\" src=\"http:\/\/vinasfm.com\/noticias\/wp-content\/uploads\/2023\/06\/fdefdf63-0955-4550-8521-ae5e6805b9f7.jpeg\" alt=\"\" width=\"500\" height=\"294\" srcset=\"https:\/\/vinasfm.com\/noticias\/wp-content\/uploads\/2023\/06\/fdefdf63-0955-4550-8521-ae5e6805b9f7.jpeg 812w, https:\/\/vinasfm.com\/noticias\/wp-content\/uploads\/2023\/06\/fdefdf63-0955-4550-8521-ae5e6805b9f7-300x176.jpeg 300w, https:\/\/vinasfm.com\/noticias\/wp-content\/uploads\/2023\/06\/fdefdf63-0955-4550-8521-ae5e6805b9f7-768x451.jpeg 768w\" sizes=\"auto, (max-width: 500px) 100vw, 500px\" \/><\/a><br \/>\nPasado el mediod\u00eda, el precandidato a Gobernador estuvo en el centro de jubilados \u201c20 a\u00f1os\u201d. All\u00ed dialog\u00f3 con los presentes sobre las dificultades de la tercera edad y conoci\u00f3 el comedor \u201cMario Armando Laurencio\u201d, donde asisten 20 personas a almorzar diariamente.<\/p>\n<p>Ya en horas de la tarde, Omar De Marchi recorri\u00f3 la escuela \u201cJusto Jos\u00e9 de Urquiza\u201d. El deterioro y abandono en la infraestructura escolar, encabezaron los reclamos de docentes y directivos.<\/p>\n<p>La \u00faltima actividad en Maip\u00fa fue la visita a la escuelita de f\u00fatbol \u201cMario Castro\u201d, que funciona en el polideportivo Ricardo Garc\u00eda.<\/p>\n<p><a href=\"http:\/\/vinasfm.com\/noticias\/wp-content\/uploads\/2023\/06\/7279154c-a01c-4677-a1e9-4eab3e5c34a0.jpeg\"><img loading=\"lazy\" decoding=\"async\" class=\"wp-image-122710 aligncenter\" src=\"http:\/\/vinasfm.com\/noticias\/wp-content\/uploads\/2023\/06\/7279154c-a01c-4677-a1e9-4eab3e5c34a0.jpeg\" alt=\"\" width=\"500\" height=\"293\" srcset=\"https:\/\/vinasfm.com\/noticias\/wp-content\/uploads\/2023\/06\/7279154c-a01c-4677-a1e9-4eab3e5c34a0.jpeg 804w, https:\/\/vinasfm.com\/noticias\/wp-content\/uploads\/2023\/06\/7279154c-a01c-4677-a1e9-4eab3e5c34a0-300x176.jpeg 300w, https:\/\/vinasfm.com\/noticias\/wp-content\/uploads\/2023\/06\/7279154c-a01c-4677-a1e9-4eab3e5c34a0-768x450.jpeg 768w\" sizes=\"auto, (max-width: 500px) 100vw, 500px\" \/><\/a><br \/>\nSobre el departamento de Maip\u00fa, De Marchi expres\u00f3<strong><em> \u201cha sido una de las comunas que m\u00e1s ha crecido en los \u00faltimos a\u00f1os. Y no podemos dejar de obviar que ese crecimiento se ha dado pese a la falta de apoyo del Gobierno provincial\u201d.<\/em><\/strong><\/p>\n<p><strong><em>\u201cSi la provincia no estuviera paralizada, no tengo dudas de que Maip\u00fa podr\u00eda desplegar todo su potencial: tiene todo tipo de actividades econ\u00f3micas, producci\u00f3n primaria, industria y turismo. Adem\u00e1s, el sentido de pertenencia de los maipucinos, le da un empuje b\u00e1rbaro que desde La Uni\u00f3n Mendocina queremos potenciar. Es el tiempo que viene en toda la provincia\u201d.<\/em><\/strong><\/p>\n<p><em><strong>\u201cVoy a trabajar con los 18 intendentes, sin importar el signo pol\u00edtico de cada uno\u201d<\/strong><\/em>, concluy\u00f3 Omar De Marchi.<\/p>\n","protected":false},"excerpt":{"rendered":"<p>El precandidato a Gobernador por La Uni\u00f3n Mendocina visit\u00f3 Maip\u00fa y tuvo una cargada agenda de actividades durante este mi\u00e9rcoles. En &#8230;<\/p>\n","protected":false},"author":7,"featured_media":122708,"comment_status":"open","ping_status":"open","sticky":false,"template":"","format":"standard","meta":{"footnotes":""},"categories":[5,7],"tags":[],"class_list":["post-122707","post","type-post","status-publish","format-standard","has-post-thumbnail","hentry","category-actualidad","category-politica"],"_links":{"self":[{"href":"https:\/\/vinasfm.com\/noticias\/wp-json\/wp\/v2\/posts\/122707","targetHints":{"allow":["GET"]}}],"collection":[{"href":"https:\/\/vinasfm.com\/noticias\/wp-json\/wp\/v2\/posts"}],"about":[{"href":"https:\/\/vinasfm.com\/noticias\/wp-json\/wp\/v2\/types\/post"}],"author":[{"embeddable":true,"href":"https:\/\/vinasfm.com\/noticias\/wp-json\/wp\/v2\/users\/7"}],"replies":[{"embeddable":true,"href":"https:\/\/vinasfm.com\/noticias\/wp-json\/wp\/v2\/comments?post=122707"}],"version-history":[{"count":1,"href":"https:\/\/vinasfm.com\/noticias\/wp-json\/wp\/v2\/posts\/122707\/revisions"}],"predecessor-version":[{"id":122711,"href":"https:\/\/vinasfm.com\/noticias\/wp-json\/wp\/v2\/posts\/122707\/revisions\/122711"}],"wp:featuredmedia":[{"embeddable":true,"href":"https:\/\/vinasfm.com\/noticias\/wp-json\/wp\/v2\/media\/122708"}],"wp:attachment":[{"href":"https:\/\/vinasfm.com\/noticias\/wp-json\/wp\/v2\/media?parent=122707"}],"wp:term":[{"taxonomy":"category","embeddable":true,"href":"https:\/\/vinasfm.com\/noticias\/wp-json\/wp\/v2\/categories?post=122707"},{"taxonomy":"post_tag","embeddable":true,"href":"https:\/\/vinasfm.com\/noticias\/wp-json\/wp\/v2\/tags?post=122707"}],"curies":[{"name":"wp","href":"https:\/\/api.w.org\/{rel}","templated":true}]}}