{"id":122704,"date":"2023-06-01T00:09:09","date_gmt":"2023-06-01T03:09:09","guid":{"rendered":"https:\/\/vinasfm.com\/noticias\/?p=122704"},"modified":"2023-06-01T10:03:07","modified_gmt":"2023-06-01T13:03:07","slug":"capacitacion-boleta-unica-elecciones-2023","status":"publish","type":"post","link":"https:\/\/vinasfm.com\/noticias\/capacitacion-boleta-unica-elecciones-2023\/","title":{"rendered":"CAPACITACI\u00d3N BOLETA \u00daNICA ELECCIONES 2023"},"content":{"rendered":"<p><strong>La capacitaci\u00f3n se est\u00e1 llevando a cabo en centros de jubiladors y colegios secundarios. El proximo lunes, 5 de junio, la charla se realizar\u00e1 en el Centro de jubilados de Carmensa a partir de las 9:30h.<\/strong><\/p>\n<p>Roberto Lucero explic\u00f3 que la capacitaci\u00f3n es sobre el uso e informaci\u00f3n de la Boleta \u00danica, teniendo en cuanta lo sucedido en los departamentos que ya fueron a las urnas y tuvieron casi un 8% de votos nulos. <strong><em>\u00abNuestra idea es informara a la ciudadan\u00eda de Alvear para que no suceda eso\u00bb.<\/em><\/strong><\/p>\n<p><strong><em>\u00abLa verdad es que la gente est\u00e1 muy interesada, tiene muchas preguntas para hacer y eso es muy positivo\u00bb<\/em><\/strong>, destac\u00f3 Lucero y agreg\u00f3<strong><em> \u00abtenemos que tener en cuenta es que anteriormente la actitud del votante era bastante pasiva y ahora hay un protagonismo, en ese sentido hay un cambio importante\u00bb.<\/em><\/strong><\/p>\n<p><a href=\"http:\/\/vinasfm.com\/noticias\/wp-content\/uploads\/2023\/06\/a287dafb-3659-49f0-a3c1-dec7affa56ec.jpeg\"><img loading=\"lazy\" decoding=\"async\" class=\"wp-image-122705 aligncenter\" src=\"http:\/\/vinasfm.com\/noticias\/wp-content\/uploads\/2023\/06\/a287dafb-3659-49f0-a3c1-dec7affa56ec.jpeg\" alt=\"\" width=\"500\" height=\"557\" \/><\/a><\/p>\n<p>Adem\u00e1s remarc\u00f3 que como herramientas utilizan los videos explicativos que ha creado el Gobierno de Mendoza y una gigantograf\u00eda en donde se puede observar el formato y dise\u00f1o de la Boleta \u00danica.<\/p>\n<p>&nbsp;<\/p>\n","protected":false},"excerpt":{"rendered":"<p>La capacitaci\u00f3n se est\u00e1 llevando a cabo en centros de jubiladors y colegios secundarios. El proximo lunes, 5 de junio, la &#8230;<\/p>\n","protected":false},"author":7,"featured_media":122705,"comment_status":"open","ping_status":"open","sticky":false,"template":"","format":"standard","meta":{"footnotes":""},"categories":[5,23],"tags":[],"class_list":["post-122704","post","type-post","status-publish","format-standard","has-post-thumbnail","hentry","category-actualidad","category-elecciones"],"_links":{"self":[{"href":"https:\/\/vinasfm.com\/noticias\/wp-json\/wp\/v2\/posts\/122704","targetHints":{"allow":["GET"]}}],"collection":[{"href":"https:\/\/vinasfm.com\/noticias\/wp-json\/wp\/v2\/posts"}],"about":[{"href":"https:\/\/vinasfm.com\/noticias\/wp-json\/wp\/v2\/types\/post"}],"author":[{"embeddable":true,"href":"https:\/\/vinasfm.com\/noticias\/wp-json\/wp\/v2\/users\/7"}],"replies":[{"embeddable":true,"href":"https:\/\/vinasfm.com\/noticias\/wp-json\/wp\/v2\/comments?post=122704"}],"version-history":[{"count":1,"href":"https:\/\/vinasfm.com\/noticias\/wp-json\/wp\/v2\/posts\/122704\/revisions"}],"predecessor-version":[{"id":122706,"href":"https:\/\/vinasfm.com\/noticias\/wp-json\/wp\/v2\/posts\/122704\/revisions\/122706"}],"wp:featuredmedia":[{"embeddable":true,"href":"https:\/\/vinasfm.com\/noticias\/wp-json\/wp\/v2\/media\/122705"}],"wp:attachment":[{"href":"https:\/\/vinasfm.com\/noticias\/wp-json\/wp\/v2\/media?parent=122704"}],"wp:term":[{"taxonomy":"category","embeddable":true,"href":"https:\/\/vinasfm.com\/noticias\/wp-json\/wp\/v2\/categories?post=122704"},{"taxonomy":"post_tag","embeddable":true,"href":"https:\/\/vinasfm.com\/noticias\/wp-json\/wp\/v2\/tags?post=122704"}],"curies":[{"name":"wp","href":"https:\/\/api.w.org\/{rel}","templated":true}]}}