{"id":122694,"date":"2023-05-31T11:58:15","date_gmt":"2023-05-31T14:58:15","guid":{"rendered":"https:\/\/vinasfm.com\/noticias\/?p=122694"},"modified":"2023-06-01T09:28:06","modified_gmt":"2023-06-01T12:28:06","slug":"tendra-tambien-mendoza-un-escenario-electoral-de-tres-tercios-como-cristina-vaticina-en-el-pais","status":"publish","type":"post","link":"https:\/\/vinasfm.com\/noticias\/tendra-tambien-mendoza-un-escenario-electoral-de-tres-tercios-como-cristina-vaticina-en-el-pais\/","title":{"rendered":"\u00bfTENDR\u00c1 TAMBI\u00c9N MENDOZA UN ESCENARIO ELECTORAL DE \u00abTRES TERCIOS\u00bb COMO CRISTINA VATICINA EN EL PA\u00cdS?"},"content":{"rendered":"<p><strong>Hasta ahora los mendocinos se han negado a darle una segunda oportunidad a los gobernadores que intentaron volver. Alfredo Cornejo busca saltar ese escollo<\/strong><\/p>\n<p><strong>La campa\u00f1a electoral de Alfredo Cornejo est\u00e1 lejos de ser un c\u00f3modo paseo.\u00a0<\/strong>Los dirigentes opositores a Cambia Mendoza afirman que el ex gobernador es poco menos que la representaci\u00f3n del mal. La raz\u00f3n parece estar clara:\u00a0es el dirigente que sigue teniendo la mejor intenci\u00f3n de voto.<\/p>\n<p>Ahora bien,\u00a0<strong>ese dato duro que se\u00f1alan todos los sondeos, tiene un componente para diferenciar.<\/strong>\u00a0El supuesto triunfo que obtendr\u00eda Cornejo no pinta para ser \u00aba chicote alzado\u00bb como en 2015 y 2017 (o los de Rodolfo Suarez en 2019 y 2021) sino que ser\u00e1 -si se da- m\u00e1s dif\u00edcil y trabajoso.<\/p>\n<p>Algunos de los referentes opositores a Cambia Mendoza ya han empezado a hablar de que en la Provincia tambi\u00e9n podr\u00edan darse<strong>\u00a0los \u00abtres tercios\u00bb que Cristina Kirchner vaticin\u00f3 para el orden nacional.<\/strong>\u00a0La diferencia es que aqu\u00ed lo que Javier Milei genera en el pa\u00eds se llama Omar De Marchi y tiene otra connotaci\u00f3n.<\/p>\n<p><img decoding=\"async\" src=\"https:\/\/media.diariouno.com.ar\/p\/ec1057c052dd1a4bf7b691b9c6035052\/adjuntos\/298\/imagenes\/009\/152\/0009152950\/1200x0\/smart\/alfredo-cornejo-asamblea-legislativajpg.jpg\" alt=\"Un aspecto que el ciudadano valor\u00f3 en su momento de Alfredo Cornejo fue el de haber puesto coto al \" \/><\/p>\n<div class=\"AV628be11f1759070b186149c8\">\n<div id=\"aniBox\">\n<div id=\"aniplayer_AV628be11f1759070b186149c8-1685544581162\">\n<div id=\"aniplayer_AV628be11f1759070b186149c8-1685544581162gui\">\n<div id=\"av-caption\">\n<div id=\"av-close-btn-overlay\" class=\"av-pos-top-left\">\n<p>Si La Uni\u00f3n Mendocina, de Omar De Marchi, se salteara de ser la tercera fuerza y\u00a0<strong>llegara a obtener el segundo lugar ser\u00eda un trampol\u00edn para posibles futuros triunfos.<\/strong>\u00a0En cambio para el PJ mendocino\u00a0<strong>perder el segundo lugar significar\u00eda un mazazo\u00a0<\/strong>que pondr\u00eda m\u00e1s en evidencia la falta de productividad del kirchnerismo en estas tierras. En una d\u00e9cada manejando el PJ provincial, los K no lograron un solo triunfo provincial.<\/p>\n<p>Los demarchistas y los peronistas sue\u00f1an -al menos-\u00a0<strong>con lograr una Legislatura confrontativa para Cornejo\u00a0<\/strong>si es que \u00e9ste gana una segunda gesti\u00f3n como gobernador.<\/p>\n<h2>El peso de los ex<\/h2>\n<p><strong>Los m\u00e1s aguerridos detractores de Cornejo<\/strong>\u00a0est\u00e1n, como era esperable, entre\u00a0<strong>los socios que tuvo en Cambia Mendoza<\/strong>\u00a0y que se fueron de esa coalici\u00f3n acusando al sancarlino de un variado men\u00fa de males. No hay peor astilla que la de aquellos que fueron del mismo palo.<\/p>\n<p>Parad\u00f3jicamente\u00a0<strong>esos defectos que le achacan a Cornejo (exceso de personalismo, soberbia) son los mismos que desde el PRO le facturan a De Marchi<\/strong>\u00a0por haber quebrado Cambia Mendoza, y que desde la UCR se le enrostra al lasherino\u00a0<strong>Daniel Orozco<\/strong>\u00a0por haber convertido a Las Heras en un polvor\u00edn politiquero.<\/p>\n<p>De Marchi es un dirigente acostumbrado a la movilidad partidaria. Formado en el Partido Dem\u00f3crata, pas\u00f3 luego al PRO. En el macrismo fue primero halc\u00f3n con Patricia Bullrich y luego paloma con Horacio Rodr\u00edguez Larreta.\u00a0<strong>Rompi\u00f3 este a\u00f1o con todos ellos para lanzar al ruedo La Uni\u00f3n Mendocina, un partido embrionario que a\u00fan no se sabe con qu\u00e9 levadura ideol\u00f3gica inflar\u00e1 su masa.<\/strong>\u00a0Por ahora, el lujanino est\u00e1 agrupando a ex referentes de otros partidos. Su objetivo divino es ser gobernador de Mendoza, algo que \u00e9l cree que\u00a0<strong>nunca iba a poder concretar<\/strong>\u00a0qued\u00e1ndose en Cambia Mendoza.<\/p>\n<p><strong>Orozco<\/strong>, quien sol\u00eda \u00abcuadrarse\u00bb ante Cornejo y jactarse de ser \u00abradical de toda la vida\u00bb,\u00a0<strong>devino demarchista como por arte de birlibirloque<\/strong>. Ese m\u00e9dico campechano que se meti\u00f3 en pol\u00edtica en 2015 para ponerle \u00absentido com\u00fan\u00bb a esa actividad, no soport\u00f3 que Cornejo lo descartara como candidato a vicegobernador de Cambia Mendoza. Tampoco se banc\u00f3 que la UCR le cuestionara el intento de dejar a su novia,\u00a0<strong>Janina Ortiz<\/strong>, como candidata a intendenta en el municipio de Las Heras.<\/p>\n<p>Menos rimbombante es el historial de\u00a0<strong>la tercera pata \u00abunionista\u00bb, liderada por el anti minero Jorge Difonso,\u00a0<\/strong>quien tambi\u00e9n peg\u00f3 el portazo en Cambia Mendoza llev\u00e1ndose consigo a su peque\u00f1o partido, Uni\u00f3n Popular, con base territorial en San Carlos. Proveniente de una familia activa en el Partido Dem\u00f3crata,\u00a0<strong>Difonso fue mutando hacia aristas no tan liberales, m\u00e1s cercanas al peronismo light<\/strong>. La sociolog\u00eda menduca lo ubica como\u00a0<strong>un peroganso.<\/strong><\/p>\n<p><img decoding=\"async\" class=\"\" src=\"https:\/\/media.diariouno.com.ar\/p\/0bc560a8d7980a12eb7a26281ad7895d\/adjuntos\/298\/imagenes\/009\/145\/0009145774\/1200x0\/smart\/daniel-orozco-omar-marchijpg.jpg\" alt=\"Daniel Orozco y Omar De Marchi, dos ex de Cambia Mendoza. Ahora, la f\u00f3rmula que encabeza La Uni\u00f3n Mendocina (vice y gobernador).\" \/><\/p>\n<h2>\u00bfY en el PJ?<\/h2>\n<p>Hablando de perogansos,\u00a0<strong>en el peronismo mendocino<\/strong>\u00a0<strong>el candidato \u00aboficial\u00bb para las PASO es Omar Parisi,<\/strong>\u00a0un conocido ex dirigente del Partido Dem\u00f3crata que, \u00abdesilusionado\u00bb con su agrupaci\u00f3n\u00bb,\u00a0<strong>peg\u00f3 el salto en 2011 al peronismo<\/strong>\u00a0poco antes de que asumiera Paco P\u00e9rez, de quien fue titular del Instituto de la Vivienda.\u00a0<strong>De all\u00ed el eslogan actual del PJ: \u00abLlega Parisi, llega tu casa\u00bb<\/strong>. Por lo menos fijan ante el electorado una propuesta de gesti\u00f3n, a diferencia del \u00abNi con Cornejo ni con La C\u00e1mpora\u00bb de los unionistas.<\/p>\n<p>Ahora\u00a0<strong>la oposici\u00f3n a Cornejo ha descubierto que aquello que los puede unir es el ataque al \u00edtem aula<\/strong>, creyendo que as\u00ed dinamitar\u00e1n al ex gobernador. Se olvidan que una de las cosas con las que Cornejo fideliz\u00f3 votantes es haberse ocupado de\u00a0<strong>poner criterio en bolsones del Estado donde reinaba el desorden<\/strong>, como por ejemplo el de las licencias docentes que obligaba al constante llamado a suplentes, con el consiguiente gasto extra para el presupuesto, es decir para los contribuyentes.<\/p>\n<p>Otro aspecto que el ciudadano valor\u00f3 en su momento de Cornejo fue el de\u00a0<strong>haber puesto coto al \u00abco-gobierno\u00bb que los sindicatos estales hab\u00edan logrado con los gobernadores peronistas\u00a0<\/strong>y que eran un premio a la facci\u00f3n amiga y no al inter\u00e9s general.<\/p>\n<p><img decoding=\"async\" src=\"https:\/\/media.diariouno.com.ar\/p\/cc886e348d2c84c6582d39305efc71e1\/adjuntos\/298\/imagenes\/009\/159\/0009159883\/1200x0\/smart\/omar-parisijpg.jpg\" alt=\"Omar Parisi, un conocido ex dirigente del Partido Dem\u00f3crata que, \" \/><\/p>\n<article class=\"article-body third-p\">\n<div class=\"article-content\">\n<div class=\"cuerpo\" data-twitter-link=\"\">\n<h2>Llamado de atenci\u00f3n<\/h2>\n<p>Lo m\u00e1s interesante de las elecciones es que\u00a0<strong>la ciudadan\u00eda es la due\u00f1a absoluta de sus decisiones, en las que nadie puede meter mano<\/strong>. Por ejemplo, hasta ahora los mendocinos\u00a0<strong>se negaron a darle una segunda oportunidad<\/strong>\u00a0a los gobernadores que intentaron volver tras dejar pasar un per\u00edodo gubernativo.\u00a0<strong>Si Cornejo logra saltar ese escollo<\/strong>\u00a0habr\u00e1 ah\u00ed una gran noticia. Al igual que si De Marchi logra llegar al segundo puesto en detrimento del peronismo.<\/p>\n<p>Queda saber\u00a0<strong>si habr\u00e1 en Mendoza un escenario de tres tercios\u00a0<\/strong>como pronostic\u00f3 Cristina para el pa\u00eds o si aqu\u00ed predominar\u00e1 el tradicional resultado de\u00a0<strong>un ganador claro, un segundo destacable y, bastante m\u00e1s abajo, la famosa tercera fuerza\u00a0<\/strong>que en cada elecci\u00f3n promete que de ah\u00ed en m\u00e1s se comer\u00e1 la cancha y que, en realidad, termina evaporada.<\/p>\n<p>Puede que en esta elecci\u00f3n se vean algunas variaciones a ese esquema,\u00a0<strong>pero sin romper la tendencia<\/strong>. Al mendocino le gustan las cosas cl\u00e1sicas, pero en materia electoral no le hace asco, si cuadra, introducir alg\u00fan elemento\u00a0<strong>que act\u00fae como llamado de atenci\u00f3n.<\/strong><\/p>\n<\/div>\n<\/div>\n<\/article>\n<div class=\"social-sidebar\">\n<div class=\"face-book\"><\/div>\n<h5 class=\"twitter\">Comentario de <b>Manuel De Paz<\/b> para Diario Uno.<\/h5>\n<div class=\"mail\"><\/div>\n<div class=\"whatsapp\"><\/div>\n<\/div>\n<\/div>\n<\/div>\n<\/div>\n<\/div>\n<\/div>\n<\/div>\n","protected":false},"excerpt":{"rendered":"<p>Hasta ahora los mendocinos se han negado a darle una segunda oportunidad a los gobernadores que intentaron volver. Alfredo Cornejo busca &#8230;<\/p>\n","protected":false},"author":7,"featured_media":122695,"comment_status":"open","ping_status":"open","sticky":false,"template":"","format":"standard","meta":{"footnotes":""},"categories":[5,7],"tags":[],"class_list":["post-122694","post","type-post","status-publish","format-standard","has-post-thumbnail","hentry","category-actualidad","category-politica"],"_links":{"self":[{"href":"https:\/\/vinasfm.com\/noticias\/wp-json\/wp\/v2\/posts\/122694","targetHints":{"allow":["GET"]}}],"collection":[{"href":"https:\/\/vinasfm.com\/noticias\/wp-json\/wp\/v2\/posts"}],"about":[{"href":"https:\/\/vinasfm.com\/noticias\/wp-json\/wp\/v2\/types\/post"}],"author":[{"embeddable":true,"href":"https:\/\/vinasfm.com\/noticias\/wp-json\/wp\/v2\/users\/7"}],"replies":[{"embeddable":true,"href":"https:\/\/vinasfm.com\/noticias\/wp-json\/wp\/v2\/comments?post=122694"}],"version-history":[{"count":1,"href":"https:\/\/vinasfm.com\/noticias\/wp-json\/wp\/v2\/posts\/122694\/revisions"}],"predecessor-version":[{"id":122696,"href":"https:\/\/vinasfm.com\/noticias\/wp-json\/wp\/v2\/posts\/122694\/revisions\/122696"}],"wp:featuredmedia":[{"embeddable":true,"href":"https:\/\/vinasfm.com\/noticias\/wp-json\/wp\/v2\/media\/122695"}],"wp:attachment":[{"href":"https:\/\/vinasfm.com\/noticias\/wp-json\/wp\/v2\/media?parent=122694"}],"wp:term":[{"taxonomy":"category","embeddable":true,"href":"https:\/\/vinasfm.com\/noticias\/wp-json\/wp\/v2\/categories?post=122694"},{"taxonomy":"post_tag","embeddable":true,"href":"https:\/\/vinasfm.com\/noticias\/wp-json\/wp\/v2\/tags?post=122694"}],"curies":[{"name":"wp","href":"https:\/\/api.w.org\/{rel}","templated":true}]}}