{"id":122688,"date":"2023-05-31T11:37:15","date_gmt":"2023-05-31T14:37:15","guid":{"rendered":"https:\/\/vinasfm.com\/noticias\/?p=122688"},"modified":"2023-06-01T08:53:35","modified_gmt":"2023-06-01T11:53:35","slug":"comienza-el-horario-de-invierno-para-el-transito-en-el-paso-cristo-redentor","status":"publish","type":"post","link":"https:\/\/vinasfm.com\/noticias\/comienza-el-horario-de-invierno-para-el-transito-en-el-paso-cristo-redentor\/","title":{"rendered":"COMIENZA EL HORARIO DE INVIERNO PARA EL TR\u00c1NSITO EN EL PASO CRISTO REDENTOR"},"content":{"rendered":"<div class=\"description-boxed\"><strong>Desde la Unidad de Pasos Fronterizos de Chile comunicaron que ser\u00e1 a partir de este jueves 1\u00b0 de junio. Reclamo de los transportistas.<\/strong><\/div>\n<div><\/div>\n<div>Con las primeras nevadas de la temporada y como todos los a\u00f1os, comenzaron los cortes en el Paso Internacional Cristo Redentor para cruzar por la intransitabilidad de la Ruta Internacional 7 a Chile.<\/div>\n<div><\/div>\n<div>A esto, adem\u00e1s de revelar los problemas de infraestructura y coordinaci\u00f3n, se suma que el pa\u00eds trasandino comuni\u00f3 que a partir de ma\u00f1ana regir\u00e1 el nuevo horario de invierno.<\/div>\n<div><\/div>\n<div>Desde la Unidad de Pasos Fronterizos del Ministerio del Interior y Segurodad P\u00fablica indicaron que el cambio de horario en el Complejo Fronterizo Los Libertadores a partir de este jueves 1\u00b0 de junio ser\u00e1 de 08.00 a 20.00 para todo tipo de veh\u00edculos, tanto para ingreso como para salida.<\/div>\n<div><\/div>\n<div>La medida se extender\u00e1 hasta el jueves 31 de agosto de este a\u00f1o.<\/div>\n<div>\n<p>Pero si se viaja a Chile desde Mendoza, hay que tener en cuenta que el pa\u00eds vecino tiene otro huso horario, una hora menos.<\/p>\n<p>Entonces, el nuevo horario a partir de este jueves, con horario de Argentina ser\u00e1 de 09.00 a 21.00.<\/p>\n<\/div>\n<div>\n<h2 class=\"bullletsmall\">Reclamo de camioneros<\/h2>\n<p>Por otro lado, los transportistas mantienen un reclamo por el nuevo horario de invierno que se implementar\u00e1 -como todos los a\u00f1os-. Entre otras cosas piden que no se aplique \u00abarbitrariamente Chile\u00bb.<\/p>\n<p>\u00abSomos usuarios del Sistema Integrado y pedimos 15 horas de operatividad real, ya que esto est\u00e1 acordado desde el a\u00f1o pasado\u00bb, cont\u00f3 <strong>Ra\u00fal DeLoche<\/strong>, vocero de camioneros autoconvocados.<\/p>\n<p>Tambi\u00e9n, solicit\u00f3 que despu\u00e9s de un corte por las nevadas, cuando hay una \u00abventana\u00bb donde se habilita el tr\u00e1nsito, se trabaje la mayor cantidad de horas posible. <strong><em>\u00abSi no hay una soluci\u00f3n est\u00e1 latente hacer un cese de actividades\u00bb<\/em><\/strong>, culmin\u00f3.<\/p>\n<p>&nbsp;<\/p>\n<\/div>\n","protected":false},"excerpt":{"rendered":"<p>Desde la Unidad de Pasos Fronterizos de Chile comunicaron que ser\u00e1 a partir de este jueves 1\u00b0 de junio. Reclamo de &#8230;<\/p>\n","protected":false},"author":7,"featured_media":122689,"comment_status":"open","ping_status":"open","sticky":false,"template":"","format":"standard","meta":{"footnotes":""},"categories":[5,10],"tags":[],"class_list":["post-122688","post","type-post","status-publish","format-standard","has-post-thumbnail","hentry","category-actualidad","category-destacadas"],"_links":{"self":[{"href":"https:\/\/vinasfm.com\/noticias\/wp-json\/wp\/v2\/posts\/122688","targetHints":{"allow":["GET"]}}],"collection":[{"href":"https:\/\/vinasfm.com\/noticias\/wp-json\/wp\/v2\/posts"}],"about":[{"href":"https:\/\/vinasfm.com\/noticias\/wp-json\/wp\/v2\/types\/post"}],"author":[{"embeddable":true,"href":"https:\/\/vinasfm.com\/noticias\/wp-json\/wp\/v2\/users\/7"}],"replies":[{"embeddable":true,"href":"https:\/\/vinasfm.com\/noticias\/wp-json\/wp\/v2\/comments?post=122688"}],"version-history":[{"count":1,"href":"https:\/\/vinasfm.com\/noticias\/wp-json\/wp\/v2\/posts\/122688\/revisions"}],"predecessor-version":[{"id":122690,"href":"https:\/\/vinasfm.com\/noticias\/wp-json\/wp\/v2\/posts\/122688\/revisions\/122690"}],"wp:featuredmedia":[{"embeddable":true,"href":"https:\/\/vinasfm.com\/noticias\/wp-json\/wp\/v2\/media\/122689"}],"wp:attachment":[{"href":"https:\/\/vinasfm.com\/noticias\/wp-json\/wp\/v2\/media?parent=122688"}],"wp:term":[{"taxonomy":"category","embeddable":true,"href":"https:\/\/vinasfm.com\/noticias\/wp-json\/wp\/v2\/categories?post=122688"},{"taxonomy":"post_tag","embeddable":true,"href":"https:\/\/vinasfm.com\/noticias\/wp-json\/wp\/v2\/tags?post=122688"}],"curies":[{"name":"wp","href":"https:\/\/api.w.org\/{rel}","templated":true}]}}