{"id":122676,"date":"2023-05-31T10:22:38","date_gmt":"2023-05-31T13:22:38","guid":{"rendered":"https:\/\/vinasfm.com\/noticias\/?p=122676"},"modified":"2023-06-01T08:08:32","modified_gmt":"2023-06-01T11:08:32","slug":"habitantes-de-monte-coman-regularizaron-la-tenencia-de-tierras-en-las-que-residen-desde-hace-tres-decadas","status":"publish","type":"post","link":"https:\/\/vinasfm.com\/noticias\/habitantes-de-monte-coman-regularizaron-la-tenencia-de-tierras-en-las-que-residen-desde-hace-tres-decadas\/","title":{"rendered":"HABITANTES DE MONTE COM\u00c1N REGULARIZARON LA TENENCIA DE TIERRAS EN LAS QUE RESIDEN DESDE HACE TRES D\u00c9CADAS"},"content":{"rendered":"<p><strong>La provincia de Mendoza adjudic\u00f3 tierras en Monte Com\u00e1n a familias que desde mediados de la d\u00e9cada del 90 viven y tienen como medio de subsistencia la producci\u00f3n ganadera. Dicha cesi\u00f3n se hizo en el marco de la Ley Provincial 4711\/82 de Colonizaci\u00f3n. <\/strong><\/p>\n<p>La misma prev\u00e9 adjudicaciones directas a personas que ya habitan el territorio del secano con la finalidad de trabajar la tierra de forma productiva. Se trata de tierras no irrigadas que para que puedan tener alguna productividad, necesitan que se lleven adelante algunas inversiones en cuanto a infraestructura de provisi\u00f3n de agua.<\/p>\n<p>Nadia Rapali, funcionaria a cargo de la Unidad de Gesti\u00f3n y Administraci\u00f3n de Tierras Fiscales, explic\u00f3 los requisitos y las formalidades que establece el marco legal.<\/p>\n<p><em><strong>\u00abLo primero que se debe aclarar es que son tierras que el Estado posee en el contexto de una legislaci\u00f3n que se vincula con las actividades productivas ganaderas o agr\u00edcolas. Para que dichas tierras se puedan regularizar se deben cumplir ciertos requisitos. La ley Provincial 4711\/82 de Planes de Colonizaci\u00f3n es bastante antigua y ampara la generaci\u00f3n de este tipo de pol\u00edticas que apuntan a trabajar la tierra de forma productiva\u00bb<\/strong><\/em>, precis\u00f3 Nadia Rapali al principio de la entrevista.<\/p>\n<p><strong><em>\u00abEn el caso de Monte Com\u00e1n, tiene que ver con una regulaci\u00f3n de tierras a distintas familias. Hay que destacar que en un momento se les adjudic\u00f3 a muchos colonos estos terrenos con los fines antes mencionados, pero que por una u otra raz\u00f3n no pudieron llegar a tener la titularidad de los mismos. Es decir que no ten\u00eda una escritura de la propiedad ni nada que les permitiera disponer de ese dominio. Esto es muy importante, as\u00ed que procedimos a regularizar a las familias que cumpl\u00edan con los requisitos. Ellos producen en esas tierras, tal cual lo se\u00f1ala la legislaci\u00f3n\u00bb<\/em><\/strong>, explic\u00f3 en torno a la medida que se tom\u00f3.<\/p>\n<p>Despu\u00e9s, en ese mismo sentido, ampli\u00f3 la informaci\u00f3n y coment\u00f3 la cantidad de tierras fiscales que ya se regularizaron.<strong><em> \u00abEn este caso se trata de cuatro familias, estamos hablando de un total 4 mil hect\u00e1reas. No es mucho, ya que las condiciones clim\u00e1ticas han ido variando con el correr del tiempo. Los campos que son utilizados para el ganado no tienen riego en su mayor\u00eda, por eso cada vez se necesitan m\u00e1s hect\u00e1reas para poder desarrollar la ganader\u00eda en zonas no irrigadas. Algunos habitan esas tierras hace m\u00e1s de 30 a\u00f1os, por lo que resulta tan importante lograr una regularizaci\u00f3n\u00bb<\/em><\/strong>, argument\u00f3 Rapali.<\/p>\n<p><em><strong>\u00abMuchos han sufrido procesos de usurpaci\u00f3n, la posesi\u00f3n y el dominio son fundamentales. Esas tierras ya las habitaban sus padres o abuelos. Ten\u00edamos una deuda con ellos, pero la pudimos saldar. La actividad que realizan se enmarca dentro de la ley, as\u00ed que no estamos haciendo ninguna excepci\u00f3n\u00bb<\/strong><\/em>, declar\u00f3 la funcionaria a cargo de la Unidad de Gesti\u00f3n y Administraci\u00f3n de Tierras Fiscales.<\/p>\n<p>Para concluir, coment\u00f3 la cantidad de tierras fiscales que se encuentran en una situaci\u00f3n similar a estas. <strong><em>\u00abSon muchas las tierras que est\u00e1n en estas condiciones dentro de la provincia. Hemos contabilizado cerca de 133 mil hect\u00e1reas, varias de ellas han sido adjudicadas. Una vez que esto sucede, se deben pagar. Algunos no han podido terminar de abonar el total del valor de esas tierras y presentan ciertas irregularidades. Hay casos en los que fallece el titular y la familia tiene que hacer la sucesi\u00f3n, cuesti\u00f3n que lleva un tiempo. De todas formas, hay que decir que la provincia mantiene una deuda con aquellos que realizan una actividad que est\u00e1 alineada con la legislaci\u00f3n de Colonizaci\u00f3n\u00bb<\/em><\/strong>, finaliz\u00f3 Nadia Rapali.<\/p>\n","protected":false},"excerpt":{"rendered":"<p>La provincia de Mendoza adjudic\u00f3 tierras en Monte Com\u00e1n a familias que desde mediados de la d\u00e9cada del 90 viven y &#8230;<\/p>\n","protected":false},"author":7,"featured_media":122677,"comment_status":"open","ping_status":"open","sticky":false,"template":"","format":"standard","meta":{"footnotes":""},"categories":[5,10],"tags":[],"class_list":["post-122676","post","type-post","status-publish","format-standard","has-post-thumbnail","hentry","category-actualidad","category-destacadas"],"_links":{"self":[{"href":"https:\/\/vinasfm.com\/noticias\/wp-json\/wp\/v2\/posts\/122676","targetHints":{"allow":["GET"]}}],"collection":[{"href":"https:\/\/vinasfm.com\/noticias\/wp-json\/wp\/v2\/posts"}],"about":[{"href":"https:\/\/vinasfm.com\/noticias\/wp-json\/wp\/v2\/types\/post"}],"author":[{"embeddable":true,"href":"https:\/\/vinasfm.com\/noticias\/wp-json\/wp\/v2\/users\/7"}],"replies":[{"embeddable":true,"href":"https:\/\/vinasfm.com\/noticias\/wp-json\/wp\/v2\/comments?post=122676"}],"version-history":[{"count":1,"href":"https:\/\/vinasfm.com\/noticias\/wp-json\/wp\/v2\/posts\/122676\/revisions"}],"predecessor-version":[{"id":122678,"href":"https:\/\/vinasfm.com\/noticias\/wp-json\/wp\/v2\/posts\/122676\/revisions\/122678"}],"wp:featuredmedia":[{"embeddable":true,"href":"https:\/\/vinasfm.com\/noticias\/wp-json\/wp\/v2\/media\/122677"}],"wp:attachment":[{"href":"https:\/\/vinasfm.com\/noticias\/wp-json\/wp\/v2\/media?parent=122676"}],"wp:term":[{"taxonomy":"category","embeddable":true,"href":"https:\/\/vinasfm.com\/noticias\/wp-json\/wp\/v2\/categories?post=122676"},{"taxonomy":"post_tag","embeddable":true,"href":"https:\/\/vinasfm.com\/noticias\/wp-json\/wp\/v2\/tags?post=122676"}],"curies":[{"name":"wp","href":"https:\/\/api.w.org\/{rel}","templated":true}]}}