{"id":122665,"date":"2023-05-31T09:59:23","date_gmt":"2023-05-31T12:59:23","guid":{"rendered":"https:\/\/vinasfm.com\/noticias\/?p=122665"},"modified":"2023-06-01T00:19:25","modified_gmt":"2023-06-01T03:19:25","slug":"certamen-literario-cartas-a-alguien","status":"publish","type":"post","link":"https:\/\/vinasfm.com\/noticias\/certamen-literario-cartas-a-alguien\/","title":{"rendered":"CERTAMEN LITERARIO \u00abCARTAS A ALGUIEN\u00bb"},"content":{"rendered":"<p><strong>El Taller Literario Municipal \u201cLa Hoja\u201d, la Direcci\u00f3n de Cultura y la\u00a0 Municipalidad de General Alvear convocan al Certamen Literario \u00abCartas a alguien\u00bb. El prop\u00f3sito de esta convocatoria, es rescatar la sensibilidad de enviar una carta, origen de la comunicaci\u00f3n escrita de vivencias, or\u00edgenes, costumbres y paisajes de nuestro departamento.<\/strong><\/p>\n<p>La Directora de Cultura, Liana Piedrafita, consider\u00f3 que ser\u00e1<em><strong> \u00abmuy atractivo ya que se ha perdido la costumbre de escribir cartas\u00bb.<\/strong> <\/em>Norma Nieto expres\u00f3 que <strong><em>\u00abla idea surgi\u00f3 de una clase del taller, a lo largo de los a\u00f1os hemos dejado de escribir cartas y con la tecnolog\u00eda se limitan mucho las emociones y los sentimientos. Tenemos muchas palabras que salen del coraz\u00f3n y cartas que nunca llegaron\u00bb.\u00a0<\/em><\/strong><\/p>\n<h2>Bases y condiciones<\/h2>\n<h3>Categor\u00edas<\/h3>\n<p>14 a 18 a\u00f1os \/ Adultos desde los 18 a\u00f1os.<\/p>\n<h3>G\u00e9nero<\/h3>\n<p>Narrativa o prosa en formato de carta.<\/p>\n<h3>Tem\u00e1tica<\/h3>\n<p>Cartas de amor, despedidas, saludos, an\u00e9cdotas, vivencias, recuerdos, juegos, personas o cosas, lugares,<br \/>\nsentimientos o cartas que no llegaron a destino.<\/p>\n<h3>Extensi\u00f3n<\/h3>\n<p>Hasta 3 (tres) p\u00e1ginas, firmadas con seud\u00f3nimo. Letra Arial 12.<\/p>\n<h3>Presentaci\u00f3n<\/h3>\n<p>Presentar tres copias en sobre cerrado (sistema de plicas).<br \/>\nUn sobre grande debe contener en el frente: t\u00edtulo de la obra, g\u00e9nero y seud\u00f3nimo.<br \/>\nUn sobre peque\u00f1o con: seud\u00f3nimo, edad, t\u00edtulo y g\u00e9nero en el dorso<br \/>\ny en el interior datos personales (nombre completo, edad, seud\u00f3nimo, DNI, direcci\u00f3n, tel\u00e9fono)<\/p>\n<h3>Recepci\u00f3n de obras<\/h3>\n<p>Casa Salonia (Diagonal Carlos Pellegrini)<br \/>\nSUM del Barrio Los Ranqueles (donde funciona el taller La Hoja).<\/p>\n<h3>Plazos<\/h3>\n<p>Los trabajos se recibir\u00e1n hasta el 30 de junio 2023.<br \/>\nLos resultados se dar\u00e1n a conocer los primeros d\u00edas de julio 2023<\/p>\n<h3>Premios<\/h3>\n<p>Habr\u00e1 primer y segundo premio, y dos menciones especiales.<br \/>\nLos dos primeros premios ser\u00e1n publicados en antolog\u00eda \u201cCuenteras\u201d de La Hoja 2023.<br \/>\nFecha de entrega de premios y distinciones (a confirmar)<\/p>\n<h3>Jurado<\/h3>\n<p>Sra. Nadia Castro (Profesora de Lengua y Literatura. Esc. de Agricultura)<br \/>\nSrta. Lorena L\u00f3pez (Profesora de Lengua y Literatura. Esc. de Comercio,<br \/>\nescuela secundaria de Carmensa y Esc. 12 de agosto)<br \/>\nSr. Fernando Burett (Lic. en Periodismo)<br \/>\nSra. Norma Nieto Porta, Escritora. Taller \u201cLa Hoja\u201d.<\/p>\n<p><a href=\"http:\/\/vinasfm.com\/noticias\/wp-content\/uploads\/2023\/05\/WhatsApp-Image-2023-05-31-at-09.46.54.jpeg\"><img loading=\"lazy\" decoding=\"async\" class=\"size-full wp-image-122669 aligncenter\" src=\"http:\/\/vinasfm.com\/noticias\/wp-content\/uploads\/2023\/05\/WhatsApp-Image-2023-05-31-at-09.46.54.jpeg\" alt=\"\" width=\"429\" height=\"126\" srcset=\"https:\/\/vinasfm.com\/noticias\/wp-content\/uploads\/2023\/05\/WhatsApp-Image-2023-05-31-at-09.46.54.jpeg 429w, https:\/\/vinasfm.com\/noticias\/wp-content\/uploads\/2023\/05\/WhatsApp-Image-2023-05-31-at-09.46.54-300x88.jpeg 300w\" sizes=\"auto, (max-width: 429px) 100vw, 429px\" \/><\/a><\/p>\n","protected":false},"excerpt":{"rendered":"<p>El Taller Literario Municipal \u201cLa Hoja\u201d, la Direcci\u00f3n de Cultura y la\u00a0 Municipalidad de General Alvear convocan al Certamen Literario \u00abCartas &#8230;<\/p>\n","protected":false},"author":7,"featured_media":122671,"comment_status":"open","ping_status":"open","sticky":false,"template":"","format":"standard","meta":{"footnotes":""},"categories":[5,19],"tags":[],"class_list":["post-122665","post","type-post","status-publish","format-standard","has-post-thumbnail","hentry","category-actualidad","category-cultura"],"_links":{"self":[{"href":"https:\/\/vinasfm.com\/noticias\/wp-json\/wp\/v2\/posts\/122665","targetHints":{"allow":["GET"]}}],"collection":[{"href":"https:\/\/vinasfm.com\/noticias\/wp-json\/wp\/v2\/posts"}],"about":[{"href":"https:\/\/vinasfm.com\/noticias\/wp-json\/wp\/v2\/types\/post"}],"author":[{"embeddable":true,"href":"https:\/\/vinasfm.com\/noticias\/wp-json\/wp\/v2\/users\/7"}],"replies":[{"embeddable":true,"href":"https:\/\/vinasfm.com\/noticias\/wp-json\/wp\/v2\/comments?post=122665"}],"version-history":[{"count":1,"href":"https:\/\/vinasfm.com\/noticias\/wp-json\/wp\/v2\/posts\/122665\/revisions"}],"predecessor-version":[{"id":122672,"href":"https:\/\/vinasfm.com\/noticias\/wp-json\/wp\/v2\/posts\/122665\/revisions\/122672"}],"wp:featuredmedia":[{"embeddable":true,"href":"https:\/\/vinasfm.com\/noticias\/wp-json\/wp\/v2\/media\/122671"}],"wp:attachment":[{"href":"https:\/\/vinasfm.com\/noticias\/wp-json\/wp\/v2\/media?parent=122665"}],"wp:term":[{"taxonomy":"category","embeddable":true,"href":"https:\/\/vinasfm.com\/noticias\/wp-json\/wp\/v2\/categories?post=122665"},{"taxonomy":"post_tag","embeddable":true,"href":"https:\/\/vinasfm.com\/noticias\/wp-json\/wp\/v2\/tags?post=122665"}],"curies":[{"name":"wp","href":"https:\/\/api.w.org\/{rel}","templated":true}]}}