{"id":122646,"date":"2023-05-31T08:39:18","date_gmt":"2023-05-31T11:39:18","guid":{"rendered":"https:\/\/vinasfm.com\/noticias\/?p=122646"},"modified":"2023-05-31T23:53:56","modified_gmt":"2023-06-01T02:53:56","slug":"el-frigorifico-general-pico-le-gano-una-demanda-a-mendoza","status":"publish","type":"post","link":"https:\/\/vinasfm.com\/noticias\/el-frigorifico-general-pico-le-gano-una-demanda-a-mendoza\/","title":{"rendered":"EL FRIGOR\u00cdFICO GENERAL PICO LE GAN\u00d3 UNA DEMANDA A MENDOZA"},"content":{"rendered":"<p><strong>La Corte Suprema de Justicia de la Naci\u00f3n fall\u00f3 a favor del Frigor\u00edfico General Pico en una demanda que la empresa radicada en La Pampa le realiz\u00f3 a la provincia de Mendoza. El fallo declara la \u201cinvalidez constitucional\u201d de una tasa que ese distrito le cobra a la empresa en concepto de control sanitario de sus productos.<\/strong><\/p>\n<p><strong><em>\u00abMuchos medios replicaron la informaci\u00f3n que emitieron diarios de La Pampa los cuales aprovechan cualquier oportunidad para pegarle a Mendoza\u00bb<\/em><\/strong>, explic\u00f3 Carlos Iriarte y aclar\u00f3 <strong><em>\u00abLo cierto es que no es un conflicto entre las provincias, es un frigor\u00edfico particular que ha seguido el mismo m\u00e9todo que otros frigor\u00edficos, al oponerse a seguir pagando la tasa de reinspecci\u00f3n de todo producto y subproducto de origen animal que ingrese a la provincia de Mendoza\u00bb.<\/em><\/strong><\/p>\n<p>El frigor\u00edfico de la familia Lowenstein consider\u00f3 esa tasa como una \u201caduana interior\u201d, ya que los controles sanitarios ya los realiza Senasa, quien certifica el tr\u00e1nsito federal de la producci\u00f3n de sus plantas de Trenel y General Pico, public\u00f3 el diario La Arena.<\/p>\n<p>La sentencia que dict\u00f3 la Corte Suprema, con la firma de sus cuatro integrantes, \u00a0menciona en m\u00e1s de una oportunidad los antecedentes de otras demandas similares que La Seren\u00edsima, Milkaut y otras firmas le ganaron a la provincia cuyana.<\/p>\n<p><strong><em>\u00abEn el a\u00f1o 2002, desde la Direcci\u00f3n de Ganader\u00eda, presentamos un proyecto de ley a la Legislatura para poder reinspeccionar<\/em> todos los productos y subproductos de origen animal que ingresaban a la provincia porque se hab\u00edan detectado importantes falencias en la carne que hac\u00edan peligroso el consumo de la misma\u00bb<\/strong>, record\u00f3 Carlos Iriarte, gerente de COPROSAMEN y agreg\u00f3 <strong><em>\u00abesto nos llev\u00f3 a colocar esta tasa para poder inspeccionar los productos y salvaguardar la salud de los mendocinos, lo cual se sigue haciendo hasta la fecha paguen o no la tasa\u00bb.<\/em><\/strong><\/p>\n<p>Para el Frigor\u00edfico, Mendoza pretende condicionar las entregas de sus productos a los comerciantes locales, someti\u00e9ndolos al previo control higi\u00e9nico-sanitario, luego del cual, y previo pago de la tasa prevista en las normas impugnadas, quedar\u00edan liberados, impidiendo as\u00ed su libre circulaci\u00f3n en el territorio nacional, lo cual afecta -seg\u00fan esgrime- el comercio interjurisdiccional y viola art\u00edculos de la Constituci\u00f3n Nacional, dado que el mecanismo descripto supone un caso de \u201caduana interior\u201d.<\/p>\n<p>Mendoza se defendi\u00f3 ante la Corte argumentando que no invadi\u00f3 ninguna facultad constitucional. Al respecto, sostiene que en ejercicio de sus incuestionables atribuciones de polic\u00eda sanitaria, expresamente reconocidas en el art. 3\u00ba de la ley 18.284, ha establecido una mec\u00e1nica para efectivizar esas competencias y dispuesto a la vez una \u201ctasa\u201d por ese servicio de esencial importancia para la protecci\u00f3n de la salud de la poblaci\u00f3n.<\/p>\n<p>Por ultimo, Iriarte sostuvo que <em><strong>\u00abla reinspecci\u00f3n\u00a0 es beneficiosa ya que aunque exista un certificado origen, pueden existir accidentes o descuidos en el transporte de los mismos\u00bb.\u00a0<\/strong><\/em><\/p>\n<h6>Vallejos, G.<\/h6>\n","protected":false},"excerpt":{"rendered":"<p>La Corte Suprema de Justicia de la Naci\u00f3n fall\u00f3 a favor del Frigor\u00edfico General Pico en una demanda que la empresa &#8230;<\/p>\n","protected":false},"author":7,"featured_media":122476,"comment_status":"open","ping_status":"open","sticky":false,"template":"","format":"standard","meta":{"footnotes":""},"categories":[5,10],"tags":[],"class_list":["post-122646","post","type-post","status-publish","format-standard","has-post-thumbnail","hentry","category-actualidad","category-destacadas"],"_links":{"self":[{"href":"https:\/\/vinasfm.com\/noticias\/wp-json\/wp\/v2\/posts\/122646","targetHints":{"allow":["GET"]}}],"collection":[{"href":"https:\/\/vinasfm.com\/noticias\/wp-json\/wp\/v2\/posts"}],"about":[{"href":"https:\/\/vinasfm.com\/noticias\/wp-json\/wp\/v2\/types\/post"}],"author":[{"embeddable":true,"href":"https:\/\/vinasfm.com\/noticias\/wp-json\/wp\/v2\/users\/7"}],"replies":[{"embeddable":true,"href":"https:\/\/vinasfm.com\/noticias\/wp-json\/wp\/v2\/comments?post=122646"}],"version-history":[{"count":1,"href":"https:\/\/vinasfm.com\/noticias\/wp-json\/wp\/v2\/posts\/122646\/revisions"}],"predecessor-version":[{"id":122651,"href":"https:\/\/vinasfm.com\/noticias\/wp-json\/wp\/v2\/posts\/122646\/revisions\/122651"}],"wp:featuredmedia":[{"embeddable":true,"href":"https:\/\/vinasfm.com\/noticias\/wp-json\/wp\/v2\/media\/122476"}],"wp:attachment":[{"href":"https:\/\/vinasfm.com\/noticias\/wp-json\/wp\/v2\/media?parent=122646"}],"wp:term":[{"taxonomy":"category","embeddable":true,"href":"https:\/\/vinasfm.com\/noticias\/wp-json\/wp\/v2\/categories?post=122646"},{"taxonomy":"post_tag","embeddable":true,"href":"https:\/\/vinasfm.com\/noticias\/wp-json\/wp\/v2\/tags?post=122646"}],"curies":[{"name":"wp","href":"https:\/\/api.w.org\/{rel}","templated":true}]}}