{"id":122643,"date":"2023-05-31T00:07:47","date_gmt":"2023-05-31T03:07:47","guid":{"rendered":"https:\/\/vinasfm.com\/noticias\/?p=122643"},"modified":"2023-05-31T10:58:38","modified_gmt":"2023-05-31T13:58:38","slug":"portezuelo-del-viento-recobro-vida-con-un-proyecto-mas-chico-y-el-apoyo-economico-del-coirco","status":"publish","type":"post","link":"https:\/\/vinasfm.com\/noticias\/portezuelo-del-viento-recobro-vida-con-un-proyecto-mas-chico-y-el-apoyo-economico-del-coirco\/","title":{"rendered":"PORTEZUELO DEL VIENTO RECOBR\u00d3 VIDA CON UN PROYECTO M\u00c1S CHICO Y EL APOYO ECON\u00d3MICO DEL COIRCO"},"content":{"rendered":"<p><strong>Como lo anticip\u00f3 en la Fiesta de la Ganader\u00eda, Rodolfo Suarez insisti\u00f3 ante el COIRCO con la obra de Portezuelo del Viento en una versi\u00f3n \u00abm\u00e1s peque\u00f1a\u00bb. Lo novedoso es que logr\u00f3 la aprobaci\u00f3n de las otras provincias -incluida La Pampa- y que el estudio de impacto ambiental, que costar\u00e1 $69 millones, lo pagar\u00e1 el Comit\u00e9.<\/strong><\/p>\n<p>El largo y conflictivo proceso de la obra de\u00a0<strong>Portezuelo del Viento,<\/strong>\u00a0resistido por las provincias integrantes del COIRCO,\u00a0especialmente por La Pampa, vivi\u00f3 este martes un nuevo y sorpresivo cap\u00edtulo celebrado por Mendoza como un triunfo. Es que tras la insistencia de\u00a0<strong>Rodolfo Suarez\u00a0<\/strong>con el proyecto -ahora m\u00e1s reducido- las cinco jurisdicciones integrantes del Comit\u00e9 Interjurisdiccional del R\u00edo Colorado (COIRCO) se pusieron de acuerdo y aprobaron que el famoso estudio de impacto ambiental lo pague este organismo. Y no es un importe menor: son $69 millones.<\/p>\n<p>Desde el Gobierno aseguraron que\u00a0<strong>Mendoza nunca desisti\u00f3 de hacer Portezuelo\u00a0<\/strong>pese a los obst\u00e1culos que se le presentaron, incluido el laudo presidencial del presidente Alberto Fern\u00e1ndez, quien fall\u00f3 a favor de un reclamo de La Pampa y orden\u00f3 que se hicieran nuevos estudios de impacto ambiental. Esto en su momento fue considerado como un \u00abno\u00bb a la obra planeada en Malarg\u00fce<\/p>\n<p>Esa persistencia mendocina en no abandonar la idea de llevar adelante el proyecto fue reflejada por el propio Suarez hace poco m\u00e1s de 20 d\u00edas en la Fiesta de la Ganader\u00eda en General Alvear cuando se\u00f1al\u00f3: <strong><em>\u00abLa Provincia insistir\u00e1 en una versi\u00f3n peque\u00f1a de la megapresa Portezuelo del Viento, trasvase del Atuel incluido\u00bb.<\/em><\/strong><\/p>\n<h2>El \u00ablogro\u00bb de Rodolfo Suarez<\/h2>\n<p>Al t\u00e9rmino de la reuni\u00f3n del COIRCO, Suarez anunci\u00f3 por redes sociales:<strong>\u00a0\u00abLogramos que los estudios de impacto ambiental de Portezuelo del Viento que orden\u00f3 Alberto Fern\u00e1ndez en el laudo, sean pagados por el mismo COIRCO. Por lo tanto en el presupuesto se previeron $69 millones para ese estudio de la cuenca\u00bb.<\/strong><\/p>\n<p>Enseguida sali\u00f3 a respaldarlo el ex gobernador y actual diputado nacional Julio Cobos, quien expres\u00f3: <strong><em>\u00ab\u00a1Buena decisi\u00f3n! Avancemos con la regulaci\u00f3n del r\u00edo m\u00e1s caudaloso de Mendoza. Se deben realizar pronto esos nuevos estudios de Portezuelo con recursos del COIRCO y volver al proyecto original de la obra:\u00a0tiene menor impacto y costo y alcanzan los fondos tambi\u00e9n para El Baqueano\u00bb.<\/em><\/strong><\/p>\n<p>Asimismo lo hizo la presidenta provisional del Senado, Natacha Eisenchlas:<strong>\u00a0\u00abComo sostuvimos en todo momento: a pesar de tantos obst\u00e1culos el Gobierno de Mendoza no abandona Portezuelo\u00bb.<\/strong><\/p>\n<p>Del encuentro, realizado en forma virtual, participaron junto a Suarez los gobernadores de las otras 4 provincias que integran el comit\u00e9: Axel Kicillof, de Buenos Aires; Sergio Ziliotto, de La Pampa; Anabela Carreras, de R\u00edo Negro y Omar Guti\u00e9rrez, de Neuqu\u00e9n.\u00a0<strong>Se destac\u00f3, adem\u00e1s, la presencia del ministro del Interior de la Naci\u00f3n, Eduardo Wado De Pedro.<\/strong><\/p>\n<p>Un dato sobresaliente es que siempre que se pidieron estudios de impacto ambiental, Mendoza se tuvo que hacerse cargo. Ahora no ser\u00e1 as\u00ed: pagar\u00e1 el COIRCO.<\/p>\n<p>De este modo<strong>\u00a0Mendoza termin\u00f3 aceptando el laudo presidencial que tanto molest\u00f3 cuando fue dispuesto<\/strong>. Tal fue el enojo mendocino que en una visita de Alberto Fern\u00e1ndez a Mendoza en el mes de enero, el gobernador no quiso acompa\u00f1arlo en la inauguraci\u00f3n de algunas obras como la de la c\u00e1rcel federal de Cacheuta. Es m\u00e1s: hasta se baraj\u00f3 la posibilidad de que Mendoza se retirara del Comit\u00e9.<\/p>\n<h2>\u00abNo abandonamos Portezuelo del Viento\u00bb<\/h2>\n<p>Desde el Gobierno nunca la dieron de baja al proyecto de Portezuelo.<strong>\u00a0Al menos no le dieron de baja totalmente a pesar de que se proyect\u00f3 utilizar parte de los fondos destinados a la megaobra (U$S1.023 millones) a otros proyectos h\u00eddricos como El Baqueano,\u00a0<\/strong>lo que llev\u00f3 a muchos a pensar que Portezuelo se caer\u00eda definitivamente.<\/p>\n<p>Que no se abandonaba Portezuelo Suarez lo record\u00f3 -como se dijo- en la Fiesta de la Ganader\u00eda de General Alvear. Asever\u00f3 entonces el gobernador: <strong><em>\u00abVamos a realizar nuevamente los estudios de impacto ambiental, que inexplicablemente nos han vuelto a pedir. Tambi\u00e9n estamos repensando porque Portezuelo del Viento, el original, que puede ser m\u00e1s factible con el trasvase, e ir presentando con el tiempo esos estudios en el COIRCO\u00bb.<\/em><\/strong><\/p>\n<p><img loading=\"lazy\" decoding=\"async\" class=\"aligncenter\" src=\"https:\/\/media.diariouno.com.ar\/p\/245968cd229ff4f4265472552f877730\/adjuntos\/298\/imagenes\/009\/118\/0009118313\/1200x0\/smart\/portezuelo-nuevojpgjpg.jpg\" alt=\"Se reflot\u00f3 Portezuelo aunque con un proyecto \" width=\"500\" height=\"281\" \/><\/p>\n<p>Y agreg\u00f3: <strong><em>\u00abHoy por las circunstancias pol\u00edticas en las que estamos, yo lo veo con muchas dificultades porque de los gobernadores que intervienen, basta el voto de uno solo para que no se apruebe\u00bb.<\/em> <\/strong>Sin embargo este martes se aprob\u00f3 y aunque no se puede hablar de tiempos, tanto de los estudios como del posible inicio de la obra, es un logro que las 5 provincias se pusieran de acuerdo para que no sea Mendoza quien tenga que hacerse cargo del impacto ambiental, sino el COIRCO.<\/p>\n","protected":false},"excerpt":{"rendered":"<p>Como lo anticip\u00f3 en la Fiesta de la Ganader\u00eda, Rodolfo Suarez insisti\u00f3 ante el COIRCO con la obra de Portezuelo del &#8230;<\/p>\n","protected":false},"author":7,"featured_media":122644,"comment_status":"open","ping_status":"open","sticky":false,"template":"","format":"standard","meta":{"footnotes":""},"categories":[5,61],"tags":[],"class_list":["post-122643","post","type-post","status-publish","format-standard","has-post-thumbnail","hentry","category-actualidad","category-portezuelo-del-viento"],"_links":{"self":[{"href":"https:\/\/vinasfm.com\/noticias\/wp-json\/wp\/v2\/posts\/122643","targetHints":{"allow":["GET"]}}],"collection":[{"href":"https:\/\/vinasfm.com\/noticias\/wp-json\/wp\/v2\/posts"}],"about":[{"href":"https:\/\/vinasfm.com\/noticias\/wp-json\/wp\/v2\/types\/post"}],"author":[{"embeddable":true,"href":"https:\/\/vinasfm.com\/noticias\/wp-json\/wp\/v2\/users\/7"}],"replies":[{"embeddable":true,"href":"https:\/\/vinasfm.com\/noticias\/wp-json\/wp\/v2\/comments?post=122643"}],"version-history":[{"count":1,"href":"https:\/\/vinasfm.com\/noticias\/wp-json\/wp\/v2\/posts\/122643\/revisions"}],"predecessor-version":[{"id":122645,"href":"https:\/\/vinasfm.com\/noticias\/wp-json\/wp\/v2\/posts\/122643\/revisions\/122645"}],"wp:featuredmedia":[{"embeddable":true,"href":"https:\/\/vinasfm.com\/noticias\/wp-json\/wp\/v2\/media\/122644"}],"wp:attachment":[{"href":"https:\/\/vinasfm.com\/noticias\/wp-json\/wp\/v2\/media?parent=122643"}],"wp:term":[{"taxonomy":"category","embeddable":true,"href":"https:\/\/vinasfm.com\/noticias\/wp-json\/wp\/v2\/categories?post=122643"},{"taxonomy":"post_tag","embeddable":true,"href":"https:\/\/vinasfm.com\/noticias\/wp-json\/wp\/v2\/tags?post=122643"}],"curies":[{"name":"wp","href":"https:\/\/api.w.org\/{rel}","templated":true}]}}