{"id":122628,"date":"2023-05-30T18:52:59","date_gmt":"2023-05-30T21:52:59","guid":{"rendered":"https:\/\/vinasfm.com\/noticias\/?p=122628"},"modified":"2023-05-31T10:09:19","modified_gmt":"2023-05-31T13:09:19","slug":"omar-de-marchi-y-daniel-orozco-recorrieron-el-parque-industrial-de-santa-rosa","status":"publish","type":"post","link":"https:\/\/vinasfm.com\/noticias\/omar-de-marchi-y-daniel-orozco-recorrieron-el-parque-industrial-de-santa-rosa\/","title":{"rendered":"OMAR DE MARCHI Y DANIEL OROZCO RECORRIERON EL PARQUE INDUSTRIAL DE SANTA ROSA"},"content":{"rendered":"<p><strong>Con el foco puesto en conocer la realidad del sector productivo de la provincia, la f\u00f3rmula de la Uni\u00f3n Mendocina recorri\u00f3 este martes el departamento del Este provincial y dialog\u00f3 con referentes de las principales industrias de Santa Rosa.<\/strong><\/p>\n<p>Durante la visita, Omar De Marchi y Daniel Orozco visitaron las instalaciones de \u201cMulticultivos\u201d, la reconocida industria de semillas de girasol y alfalfa.<\/p>\n<p>Adem\u00e1s recorrieron la f\u00e1brica \u201cPetroplast\u201d, donde se producen distintos elementos en base a poli\u00e9ster reforzado con fibra de vidrio.<\/p>\n<p><a href=\"http:\/\/vinasfm.com\/noticias\/wp-content\/uploads\/2023\/05\/omar2.jpeg\"><img loading=\"lazy\" decoding=\"async\" class=\"wp-image-122630 aligncenter\" src=\"http:\/\/vinasfm.com\/noticias\/wp-content\/uploads\/2023\/05\/omar2.jpeg\" alt=\"\" width=\"500\" height=\"281\" srcset=\"https:\/\/vinasfm.com\/noticias\/wp-content\/uploads\/2023\/05\/omar2.jpeg 821w, https:\/\/vinasfm.com\/noticias\/wp-content\/uploads\/2023\/05\/omar2-300x168.jpeg 300w, https:\/\/vinasfm.com\/noticias\/wp-content\/uploads\/2023\/05\/omar2-768x431.jpeg 768w, https:\/\/vinasfm.com\/noticias\/wp-content\/uploads\/2023\/05\/omar2-750x420.jpeg 750w\" sizes=\"auto, (max-width: 500px) 100vw, 500px\" \/><\/a><\/p>\n<p>Por \u00faltimo, los precandidatos por LAUM visitaron la sede de la C\u00e1mara de Comercio de Santa Rosa. All\u00ed escucharon las principales dificultades de los productores, comerciantes y emprendedores locales.<\/p>\n<p><strong><em>\u201cNecesitamos activar las econom\u00edas regionales. Santa Rosa tiene un potencial excepcional y sin dudas con su industria puede aportar much\u00edsimo al crecimiento econ\u00f3mico de Mendoza\u201d<\/em><\/strong> expres\u00f3 Omar De Marchi.<\/p>\n<p>En este sentido agreg\u00f3<em><strong> \u201cDebemos apostar por la industria local y prender todos los motores de la econom\u00eda provincial. Son los tiempos que vienen en Mendoza\u201d<\/strong><\/em>, expres\u00f3 Omar De Marchi.<\/p>\n<p>Por su parte, Daniel Orozco dijo <strong><em>\u201chay que facilitarle el camino a los que dan trabajo. Hay un esp\u00edritu emprendedor muy grande, pese a las dificultades\u201d.<\/em><\/strong><\/p>\n<p><strong><em>\u201cEn Santa Rosa hay talento y educaci\u00f3n t\u00e9cnica agraria para que los j\u00f3venes puedan desarrollarse aqu\u00ed. Mendoza necesita apostar por la producci\u00f3n y Santa Rosa tiene much\u00edsimo potencial ganadero para explotar\u201d<\/em><\/strong>, concluy\u00f3 el precandidato a Vicegobernador.<\/p>\n","protected":false},"excerpt":{"rendered":"<p>Con el foco puesto en conocer la realidad del sector productivo de la provincia, la f\u00f3rmula de la Uni\u00f3n Mendocina recorri\u00f3 &#8230;<\/p>\n","protected":false},"author":7,"featured_media":122629,"comment_status":"open","ping_status":"open","sticky":false,"template":"","format":"standard","meta":{"footnotes":""},"categories":[5,10],"tags":[],"class_list":["post-122628","post","type-post","status-publish","format-standard","has-post-thumbnail","hentry","category-actualidad","category-destacadas"],"_links":{"self":[{"href":"https:\/\/vinasfm.com\/noticias\/wp-json\/wp\/v2\/posts\/122628","targetHints":{"allow":["GET"]}}],"collection":[{"href":"https:\/\/vinasfm.com\/noticias\/wp-json\/wp\/v2\/posts"}],"about":[{"href":"https:\/\/vinasfm.com\/noticias\/wp-json\/wp\/v2\/types\/post"}],"author":[{"embeddable":true,"href":"https:\/\/vinasfm.com\/noticias\/wp-json\/wp\/v2\/users\/7"}],"replies":[{"embeddable":true,"href":"https:\/\/vinasfm.com\/noticias\/wp-json\/wp\/v2\/comments?post=122628"}],"version-history":[{"count":1,"href":"https:\/\/vinasfm.com\/noticias\/wp-json\/wp\/v2\/posts\/122628\/revisions"}],"predecessor-version":[{"id":122631,"href":"https:\/\/vinasfm.com\/noticias\/wp-json\/wp\/v2\/posts\/122628\/revisions\/122631"}],"wp:featuredmedia":[{"embeddable":true,"href":"https:\/\/vinasfm.com\/noticias\/wp-json\/wp\/v2\/media\/122629"}],"wp:attachment":[{"href":"https:\/\/vinasfm.com\/noticias\/wp-json\/wp\/v2\/media?parent=122628"}],"wp:term":[{"taxonomy":"category","embeddable":true,"href":"https:\/\/vinasfm.com\/noticias\/wp-json\/wp\/v2\/categories?post=122628"},{"taxonomy":"post_tag","embeddable":true,"href":"https:\/\/vinasfm.com\/noticias\/wp-json\/wp\/v2\/tags?post=122628"}],"curies":[{"name":"wp","href":"https:\/\/api.w.org\/{rel}","templated":true}]}}