{"id":122620,"date":"2023-05-30T11:32:26","date_gmt":"2023-05-30T14:32:26","guid":{"rendered":"https:\/\/vinasfm.com\/noticias\/?p=122620"},"modified":"2023-05-30T22:39:58","modified_gmt":"2023-05-31T01:39:58","slug":"el-titular-de-la-union-explico-por-que-es-irregular-el-uso-de-servicios-contratados-para-el-transporte-publico","status":"publish","type":"post","link":"https:\/\/vinasfm.com\/noticias\/el-titular-de-la-union-explico-por-que-es-irregular-el-uso-de-servicios-contratados-para-el-transporte-publico\/","title":{"rendered":"EL TITULAR DE LA UNI\u00d3N EXPLIC\u00d3 POR QU\u00c9 ES IRREGULAR EL USO DE SERVICIOS CONTRATADOS PARA EL TRANSPORTE P\u00daBLICO"},"content":{"rendered":"<p><strong>El Titular de la empresa de transportes La Uni\u00f3n estuvo presente esta ma\u00f1ana en el Honorable Concejo Deliberante para explicar lo sucedido el pasado domingo en la Terminal de \u00d3mnibus con los transportes que transportar\u00edan a pasajeros desde General Alvear a Monte Com\u00e1n.\u00a0<\/strong><\/p>\n<p>La empresa La Uni\u00f3n en defensa legitima de sus intereses, as\u00ed como tambi\u00e9n de los intereses de los usuarios alvearenses, constat\u00f3 una irregularidad en la \u00absoluci\u00f3n\u00bb que se brind\u00f3 a los estudiantes que reclamaban el funcionamiento de un colectivo que conectara a General Alvear con San Luis y C\u00f3rdoba. <strong><em>\u00abEn raz\u00f3n de eso fuimos convocados por los bloques del HCD para poder interiorizarse y entender el planteo que estamos haciendo\u00bb, <\/em><\/strong>expres\u00f3 Alexander Mastrujk<strong><em>.<\/em><\/strong><\/p>\n<p>El reclamo est\u00e1 avalado por la Ley 9086 que aclara que no se pueden realizar servicios de transporte p\u00fablico con servicios contratados.<em><strong> \u00abEl servicio contratado tiene como finalidad ser contratado por una instituci\u00f3n o grupo para transportarse de un punto a otro y por lo tanto deben regresar los mismos pasajeros, esto controlado por la lista de pasajeros que contratan el servicio. No se puede hacer una contrataci\u00f3n de un a\u00f1o con distintas listas de pasajeros porque se desvirt\u00faa el servicio y se transforma en un transporte p\u00fablico\u00bb<\/strong><\/em>, explic\u00f3 Mastrujk.<\/p>\n<p><em><b>\u00abEl boleto que compran en la boletaria indica el trayecto Monte Com\u00e1n &#8211; San Luis y Monte Com\u00e1n -C\u00f3rdoba. Es m\u00e1s caro que el boleto San Luis &#8211; San Rafael y C\u00f3rdoba &#8211; San Rafael, est\u00e1n cobrando m\u00e1s siendo la misma distancia, solo por poner un transfer, figura que no existe en la Legislaci\u00f3n de Mendoza\u00bb<\/b><\/em>, indic\u00f3 el Titular de La Uni\u00f3n.<\/p>\n<p>Por parte de La Uni\u00f3n se busca una ampliaci\u00f3n de recorridos o modificaci\u00f3n de horarios para que sea posible combinar con los colectivos que viajen a San Luis y C\u00f3rdoba, de forma regulada. Adem\u00e1s, Masjtruk explic\u00f3 que tienen como finalidad <em><b>\u00ablograr la autorizaci\u00f3n de una conexi\u00f3n directa entre el departamento y las provincias, la cual ser\u00e1 asignada a una empresa por medio de procesos\u00a0licitatorios\u00bb.\u00a0<\/b><\/em><\/p>\n<p>Por \u00faltimo Alexander Masjtruk aclar\u00f3 que la empresa de la cual es Titular <em><strong>\u00abnunca tuvo intenci\u00f3n de impedir la salidas el d\u00eda domingo, simplemente nos presentamos a constatar una situaci\u00f3n que consideramos que era irregular. No tenemos la intenci\u00f3n de perjudicar a la personas, aplaudimos el crecimiento siempre y cuando se haga de forma regular\u00bb.\u00a0<\/strong><\/em><\/p>\n","protected":false},"excerpt":{"rendered":"<p>El Titular de la empresa de transportes La Uni\u00f3n estuvo presente esta ma\u00f1ana en el Honorable Concejo Deliberante para explicar lo &#8230;<\/p>\n","protected":false},"author":7,"featured_media":122626,"comment_status":"open","ping_status":"open","sticky":false,"template":"","format":"standard","meta":{"footnotes":""},"categories":[1],"tags":[],"class_list":["post-122620","post","type-post","status-publish","format-standard","has-post-thumbnail","hentry","category-fmvinas"],"_links":{"self":[{"href":"https:\/\/vinasfm.com\/noticias\/wp-json\/wp\/v2\/posts\/122620","targetHints":{"allow":["GET"]}}],"collection":[{"href":"https:\/\/vinasfm.com\/noticias\/wp-json\/wp\/v2\/posts"}],"about":[{"href":"https:\/\/vinasfm.com\/noticias\/wp-json\/wp\/v2\/types\/post"}],"author":[{"embeddable":true,"href":"https:\/\/vinasfm.com\/noticias\/wp-json\/wp\/v2\/users\/7"}],"replies":[{"embeddable":true,"href":"https:\/\/vinasfm.com\/noticias\/wp-json\/wp\/v2\/comments?post=122620"}],"version-history":[{"count":3,"href":"https:\/\/vinasfm.com\/noticias\/wp-json\/wp\/v2\/posts\/122620\/revisions"}],"predecessor-version":[{"id":122647,"href":"https:\/\/vinasfm.com\/noticias\/wp-json\/wp\/v2\/posts\/122620\/revisions\/122647"}],"wp:featuredmedia":[{"embeddable":true,"href":"https:\/\/vinasfm.com\/noticias\/wp-json\/wp\/v2\/media\/122626"}],"wp:attachment":[{"href":"https:\/\/vinasfm.com\/noticias\/wp-json\/wp\/v2\/media?parent=122620"}],"wp:term":[{"taxonomy":"category","embeddable":true,"href":"https:\/\/vinasfm.com\/noticias\/wp-json\/wp\/v2\/categories?post=122620"},{"taxonomy":"post_tag","embeddable":true,"href":"https:\/\/vinasfm.com\/noticias\/wp-json\/wp\/v2\/tags?post=122620"}],"curies":[{"name":"wp","href":"https:\/\/api.w.org\/{rel}","templated":true}]}}