{"id":122615,"date":"2023-05-30T11:04:14","date_gmt":"2023-05-30T14:04:14","guid":{"rendered":"https:\/\/vinasfm.com\/noticias\/?p=122615"},"modified":"2023-05-30T11:04:14","modified_gmt":"2023-05-30T14:04:14","slug":"en-junio-se-viene-otro-fin-de-semana-extra-largo","status":"publish","type":"post","link":"https:\/\/vinasfm.com\/noticias\/en-junio-se-viene-otro-fin-de-semana-extra-largo\/","title":{"rendered":"EN JUNIO SE VIENE OTRO FIN DE SEMANA EXTRA LARGO"},"content":{"rendered":"<div class=\"x11i5rnm xat24cr x1mh8g0r x1vvkbs xtlvy1s x126k92a\">\n<div dir=\"auto\"><strong>En junio los argentinos vamos a tener otro fin de semana extra largo que comenzar\u00e1 el s\u00e1bado 17 cuando se conmemora un nuevo aniversario del fallecimiento del general Mart\u00edn Miguel de G\u00fcemes y finalizar\u00e1 el martes 20 por la muerte del general Manuel Belgrano. El lunes 19 se considera feriado puente.<\/strong><\/div>\n<\/div>\n<div class=\"x11i5rnm xat24cr x1mh8g0r x1vvkbs xtlvy1s x126k92a\">\n<div dir=\"auto\"><\/div>\n<div dir=\"auto\">El feriado tendr\u00e1 un atractivo econ\u00f3mico porque se podr\u00e1 volver a utilizar el programa Previaje 4 que dio muy buenos resultados durante el fin de semana largo del 25 de Mayo.<\/div>\n<\/div>\n<div class=\"x11i5rnm xat24cr x1mh8g0r x1vvkbs xtlvy1s x126k92a\">\n<div dir=\"auto\"><\/div>\n<div dir=\"auto\">El siguiente feriado ser\u00e1 el domingo 9 de julio y para los mendocinos se les sumar\u00e1 el 25 de julio por el d\u00eda del Patrono Santiago.<\/div>\n<\/div>\n<div class=\"x11i5rnm xat24cr x1mh8g0r x1vvkbs xtlvy1s x126k92a\">\n<div dir=\"auto\"><\/div>\n<div dir=\"auto\">En agosto tendremos otro fin de semana largo porque el jueves 17 se pasar\u00e1 al lunes 21 del mismo mes para conmemorar un nuevo aniversario de la muerte del General San Mart\u00edn.<\/div>\n<\/div>\n<div class=\"x11i5rnm xat24cr x1mh8g0r x1vvkbs xtlvy1s x126k92a\">\n<div dir=\"auto\"><\/div>\n<div dir=\"auto\">En octubre tendremos otro \u00abmegaferiado\u00bb que arrancar\u00e1 el 13 y finalizar\u00e1 el 16 cuando se conmemora el D\u00eda del Respeto a la Diversidad (ex d\u00eda de la raza que pasa del 12 al 16).<\/div>\n<\/div>\n<div class=\"x11i5rnm xat24cr x1mh8g0r x1vvkbs xtlvy1s x126k92a\">\n<div dir=\"auto\"><\/div>\n<div dir=\"auto\">En noviembre habr\u00e1 otro feriado largo por el festejo del D\u00eda de la Soberan\u00eda que ser\u00e1 el lunes 20 y en diciembre se repetir\u00e1 esta secuencia el viernes 8 de diciembre cuando se recuerde el D\u00eda de la Virgen Inmaculada.<\/div>\n<\/div>\n<div class=\"x11i5rnm xat24cr x1mh8g0r x1vvkbs xtlvy1s x126k92a\">\n<div dir=\"auto\"><\/div>\n<div dir=\"auto\">El \u00faltimo feriado largo del a\u00f1o corresponde al lunes 25 de diciembre por el festejo de Navidad.<\/div>\n<\/div>\n<div dir=\"auto\"><\/div>\n<h6 dir=\"auto\">Fuente: InfoYa San Rafael<\/h6>\n","protected":false},"excerpt":{"rendered":"<p>En junio los argentinos vamos a tener otro fin de semana extra largo que comenzar\u00e1 el s\u00e1bado 17 cuando se conmemora &#8230;<\/p>\n","protected":false},"author":7,"featured_media":122616,"comment_status":"open","ping_status":"open","sticky":false,"template":"","format":"standard","meta":{"footnotes":""},"categories":[1],"tags":[],"class_list":["post-122615","post","type-post","status-publish","format-standard","has-post-thumbnail","hentry","category-fmvinas"],"_links":{"self":[{"href":"https:\/\/vinasfm.com\/noticias\/wp-json\/wp\/v2\/posts\/122615","targetHints":{"allow":["GET"]}}],"collection":[{"href":"https:\/\/vinasfm.com\/noticias\/wp-json\/wp\/v2\/posts"}],"about":[{"href":"https:\/\/vinasfm.com\/noticias\/wp-json\/wp\/v2\/types\/post"}],"author":[{"embeddable":true,"href":"https:\/\/vinasfm.com\/noticias\/wp-json\/wp\/v2\/users\/7"}],"replies":[{"embeddable":true,"href":"https:\/\/vinasfm.com\/noticias\/wp-json\/wp\/v2\/comments?post=122615"}],"version-history":[{"count":1,"href":"https:\/\/vinasfm.com\/noticias\/wp-json\/wp\/v2\/posts\/122615\/revisions"}],"predecessor-version":[{"id":122617,"href":"https:\/\/vinasfm.com\/noticias\/wp-json\/wp\/v2\/posts\/122615\/revisions\/122617"}],"wp:featuredmedia":[{"embeddable":true,"href":"https:\/\/vinasfm.com\/noticias\/wp-json\/wp\/v2\/media\/122616"}],"wp:attachment":[{"href":"https:\/\/vinasfm.com\/noticias\/wp-json\/wp\/v2\/media?parent=122615"}],"wp:term":[{"taxonomy":"category","embeddable":true,"href":"https:\/\/vinasfm.com\/noticias\/wp-json\/wp\/v2\/categories?post=122615"},{"taxonomy":"post_tag","embeddable":true,"href":"https:\/\/vinasfm.com\/noticias\/wp-json\/wp\/v2\/tags?post=122615"}],"curies":[{"name":"wp","href":"https:\/\/api.w.org\/{rel}","templated":true}]}}