{"id":122612,"date":"2023-05-30T10:51:10","date_gmt":"2023-05-30T13:51:10","guid":{"rendered":"https:\/\/vinasfm.com\/noticias\/?p=122612"},"modified":"2023-05-31T08:42:09","modified_gmt":"2023-05-31T11:42:09","slug":"a-menos-de-dos-semanas-de-las-paso-en-la-provincia-ya-se-pueden-comprar-los-pasajes-del-tren-buenos-aires-mendoza-cuanto-cuestan-los-tickets","status":"publish","type":"post","link":"https:\/\/vinasfm.com\/noticias\/a-menos-de-dos-semanas-de-las-paso-en-la-provincia-ya-se-pueden-comprar-los-pasajes-del-tren-buenos-aires-mendoza-cuanto-cuestan-los-tickets\/","title":{"rendered":"A MENOS DE DOS SEMANAS DE LAS PASO EN LA PROVINCIA, YA SE PUEDEN COMPRAR LOS PASAJES DEL TREN BUENOS AIRES-MENDOZA: CU\u00c1NTO CUESTAN LOS TICKETS"},"content":{"rendered":"<p><strong>Tras el rimbombante anuncio realizado en marzo, el servicio que une la Ciudad de Buenos Aires con Mendoza comenzar\u00e1 a funcionar este fin de semana. \u00bfD\u00f3nde comprar y qu\u00e9 valor tendr\u00e1n los pasajes?<\/strong><\/p>\n<p>Luego de 30 a\u00f1os y varias semanas de retraso desde el anuncio realizado por el presidente\u00a0<strong>Alberto Fern\u00e1ndez<\/strong>, este martes se pusieron a la venta los\u00a0<strong>pasajes<\/strong>\u00a0para el\u00a0<strong>tren de pasajeros<\/strong>\u00a0que conecta Retiro, Buenos Aires, con Palmira, Mendoza.<\/p>\n<p>La vuelta del\u00a0<strong>tren<\/strong>\u00a0a Mendoza fue anunciada en un masivo acto del que participaron funcionarios del gobierno nacional y provincial y se llev\u00f3 a cabo en la estaci\u00f3n de Palmira. Si bien la fecha de inicio de los viajes estaba pautada para el mes de abril, debido a demoras en los trabajos de adecuaci\u00f3n de las v\u00edas y trazados, los viajeros no pod\u00edan adquirir sus boletos hasta el d\u00eda de hoy.<\/p>\n<p>El tramo para el debut,\u00a0seg\u00fan fue \u00a0ratificado por Trenes Argentinos, ser\u00e1 primero en direcci\u00f3n a\u00a0Mendoza, partiendo desde la Estaci\u00f3n Retiro el viernes 2 de junio a las 12:40. El arribo a Palmira se producir\u00e1 el\u00a0s\u00e1bado 3\u00a0de junio luego de las 16 horas ya que la duraci\u00f3n estimada del traslado, como hab\u00eda sido indicado previamente, ser\u00e1\u00a0de alrededor de 28 horas.<\/p>\n<p>Los tickets para viajar desde Buenos Aires a Mendoza\u00a0y viceversa, tienen valores que van desde $5.512\u00a0hasta los $19.827\u00a0y est\u00e1n a la venta\u00a0a trav\u00e9s de la p\u00e1gina oficial.<\/p>\n<h2>Esperado y postergado debut<\/h2>\n<p>La conexi\u00f3n entre Buenos Aires y la provincia de Mendoza se logr\u00f3 a partir de los trabajos de extensi\u00f3n, a cargo de Trenes Argentinos Operaciones, de la l\u00ednea San Mart\u00edn de larga distancia, los cuales abarcaron el mejoramiento integral de 400 kil\u00f3metros de v\u00edas y la puesta en valor de las estaciones Libertador General San Mart\u00edn y Palmira.<\/p>\n<p>En un primer momento, se proyectaba que el tren de pasajeros tuviese como\u00a0destino final la estaci\u00f3n Guti\u00e9rrez, en\u00a0Maip\u00fa, para as\u00ed poder hacer trasbordo en direcci\u00f3n a la Ciudad de\u00a0Mendoza\u00a0mediante el uso del metrotranv\u00eda urbano. Por ahora, la primera etapa ser\u00e1 tomando como partida y llegada la estaci\u00f3n ubicada en el Este provincial\u00a0y se estima que para finales de 2023 se concretar\u00e1n las obras restantes.<\/p>\n<h2>En detalle<\/h2>\n<p>El precio de los pasajes para el\u00a0<strong>tren de pasajeros<\/strong>\u00a0que une Buenos Aires con Mendoza es de $5.512,50 en primera, $6.606 en pullman y $19.827\u00a0para el camarote (que puede ser utilizado por dos personas).<\/p>\n<p>El tren tiene capacidad para 500 personas por formaci\u00f3n y atravesar\u00e1 22 estaciones intermedias ubicadas en\u00a0Jos\u00e9 C. Paz, Pilar, Mercedes P, Franklin, Rivas, Castilla, Rawson, Chacabuco, O \u00b4Higgins, Jun\u00edn, Alem, Vedia, Alberdi, Iriarte, Rufino, Laboulaye, Gral. Levalle, Vicu\u00f1a Mackenna, Justo Daract, Beazley, La Paz y Libertador General San Mart\u00edn.<\/p>\n<p>La duraci\u00f3n del viaje es de 28 horas.<\/p>\n<p>&nbsp;<\/p>\n","protected":false},"excerpt":{"rendered":"<p>Tras el rimbombante anuncio realizado en marzo, el servicio que une la Ciudad de Buenos Aires con Mendoza comenzar\u00e1 a funcionar &#8230;<\/p>\n","protected":false},"author":7,"featured_media":122613,"comment_status":"open","ping_status":"open","sticky":false,"template":"","format":"standard","meta":{"footnotes":""},"categories":[5,10],"tags":[],"class_list":["post-122612","post","type-post","status-publish","format-standard","has-post-thumbnail","hentry","category-actualidad","category-destacadas"],"_links":{"self":[{"href":"https:\/\/vinasfm.com\/noticias\/wp-json\/wp\/v2\/posts\/122612","targetHints":{"allow":["GET"]}}],"collection":[{"href":"https:\/\/vinasfm.com\/noticias\/wp-json\/wp\/v2\/posts"}],"about":[{"href":"https:\/\/vinasfm.com\/noticias\/wp-json\/wp\/v2\/types\/post"}],"author":[{"embeddable":true,"href":"https:\/\/vinasfm.com\/noticias\/wp-json\/wp\/v2\/users\/7"}],"replies":[{"embeddable":true,"href":"https:\/\/vinasfm.com\/noticias\/wp-json\/wp\/v2\/comments?post=122612"}],"version-history":[{"count":1,"href":"https:\/\/vinasfm.com\/noticias\/wp-json\/wp\/v2\/posts\/122612\/revisions"}],"predecessor-version":[{"id":122614,"href":"https:\/\/vinasfm.com\/noticias\/wp-json\/wp\/v2\/posts\/122612\/revisions\/122614"}],"wp:featuredmedia":[{"embeddable":true,"href":"https:\/\/vinasfm.com\/noticias\/wp-json\/wp\/v2\/media\/122613"}],"wp:attachment":[{"href":"https:\/\/vinasfm.com\/noticias\/wp-json\/wp\/v2\/media?parent=122612"}],"wp:term":[{"taxonomy":"category","embeddable":true,"href":"https:\/\/vinasfm.com\/noticias\/wp-json\/wp\/v2\/categories?post=122612"},{"taxonomy":"post_tag","embeddable":true,"href":"https:\/\/vinasfm.com\/noticias\/wp-json\/wp\/v2\/tags?post=122612"}],"curies":[{"name":"wp","href":"https:\/\/api.w.org\/{rel}","templated":true}]}}