{"id":122604,"date":"2023-05-30T10:40:36","date_gmt":"2023-05-30T13:40:36","guid":{"rendered":"https:\/\/vinasfm.com\/noticias\/?p=122604"},"modified":"2023-05-30T10:40:36","modified_gmt":"2023-05-30T13:40:36","slug":"alvear-tendra-su-parque-central","status":"publish","type":"post","link":"https:\/\/vinasfm.com\/noticias\/alvear-tendra-su-parque-central\/","title":{"rendered":"ALVEAR TENDR\u00c1 SU PARQUE CENTRAL"},"content":{"rendered":"<div class=\"xdj266r x11i5rnm xat24cr x1mh8g0r x1vvkbs x126k92a\">\n<div dir=\"auto\"><strong>El basural remediado sobre la avenida Alvear Oeste est\u00e1 a punto de dar un paso significativo hacia la promoci\u00f3n de la ecolog\u00eda y el disfrute al aire libre con la creaci\u00f3n de un innovador pulm\u00f3n verde. Con una extensi\u00f3n de 7 hect\u00e1reas, este proyecto busca combinar la conservaci\u00f3n del entorno natural con espacios de entretenimiento para j\u00f3venes y familias.<\/strong><\/div>\n<\/div>\n<div class=\"x11i5rnm xat24cr x1mh8g0r x1vvkbs xtlvy1s x126k92a\">\n<div dir=\"auto\"><\/div>\n<div dir=\"auto\">El n\u00facleo de este ambicioso proyecto es la creaci\u00f3n de un amplio parque que ofrecer\u00e1 diversas atracciones y \u00e1reas de recreaci\u00f3n. Los j\u00f3venes encontrar\u00e1n un espacio especialmente dise\u00f1ado para ellos, con zonas de juegos, \u00e1reas deportivas y espacios abiertos para actividades al aire libre. Este parque no solo brindar\u00e1 diversi\u00f3n, sino que tambi\u00e9n fomentar\u00e1 la conciencia ambiental y la conexi\u00f3n con la naturaleza.<\/div>\n<\/div>\n<div class=\"x11i5rnm xat24cr x1mh8g0r x1vvkbs xtlvy1s x126k92a\">\n<div dir=\"auto\"><\/div>\n<div dir=\"auto\">Adem\u00e1s, el proyecto incluir\u00e1 un anfiteatro al aire libre, que ser\u00e1 un punto de encuentro para eventos culturales, conciertos y presentaciones art\u00edsticas. Este espacio permitir\u00e1 a la comunidad disfrutar de espect\u00e1culos en un entorno natural, creando una experiencia \u00fanica y fortaleciendo el sentido de pertenencia hacia el lugar.<\/div>\n<div dir=\"auto\"><\/div>\n<\/div>\n<div class=\"x11i5rnm xat24cr x1mh8g0r x1vvkbs xtlvy1s x126k92a\">\n<div dir=\"auto\"><img loading=\"lazy\" decoding=\"async\" class=\"aligncenter\" src=\"https:\/\/scontent.fcor13-1.fna.fbcdn.net\/v\/t39.30808-6\/350482057_993196228516804_4256415299605202182_n.jpg?_nc_cat=111&amp;ccb=1-7&amp;_nc_sid=730e14&amp;_nc_eui2=AeFHrR1w8Td662RyjOIFddm4Xee9K_2zwr1d570r_bPCvXnnUfGFO_Ga5on8GKD3Hvq0sl8H97Yp4xwTJxVXH9Jt&amp;_nc_ohc=NXW8VNL8SrwAX_h-jQp&amp;_nc_ht=scontent.fcor13-1.fna&amp;oh=00_AfD7c72VAxVEUJtHDlvHhWnBKLsF56MPPwkKZINQLquxBA&amp;oe=647AA3A8\" alt=\"Puede ser una imagen de plano de planta, plano, mapa y texto\" width=\"530\" height=\"359\" \/><\/div>\n<div dir=\"auto\">Una caracter\u00edstica destacada de este proyecto ecol\u00f3gico es su conexi\u00f3n directa con el r\u00edo. Se habilitar\u00e1 una salida al r\u00edo, permitiendo a los visitantes acceder a sus orillas. Asimismo, se construir\u00e1 una costanera que rodear\u00e1 el r\u00edo, ofreciendo un lugar de paseo con hermosas vistas panor\u00e1micas y espacios para descansar y contemplar la naturaleza.<\/div>\n<\/div>\n<div class=\"x11i5rnm xat24cr x1mh8g0r x1vvkbs xtlvy1s x126k92a\">\n<div dir=\"auto\"><\/div>\n<div dir=\"auto\">Por su parte, la inversi\u00f3n privada se centrar\u00e1 en el desarrollo de bares y carros de comida, que agregar\u00e1n una vibrante oferta gastron\u00f3mica al proyecto. Los visitantes podr\u00e1n disfrutar de una variedad de opciones culinarias mientras se deleitan con las vistas panor\u00e1micas del entorno natural. Esta colaboraci\u00f3n p\u00fablico-privada permitir\u00e1 la creaci\u00f3n de empleos y la generaci\u00f3n de oportunidades econ\u00f3micas en la zona.<\/div>\n<\/div>\n<div class=\"x11i5rnm xat24cr x1mh8g0r x1vvkbs xtlvy1s x126k92a\">\n<div dir=\"auto\"><\/div>\n<div dir=\"auto\">Este proyecto ecol\u00f3gico no solo proporcionar\u00e1 beneficios recreativos y de entretenimiento, sino que tambi\u00e9n contribuir\u00e1 a la protecci\u00f3n del medio ambiente y a la conservaci\u00f3n de los recursos naturales de la zona. Se realizan esfuerzos para mantener y preservar la biodiversidad local, promoviendo la plantaci\u00f3n de especies aut\u00f3ctonas y la implementaci\u00f3n de pr\u00e1cticas sostenibles en el mantenimiento del parque y sus alrededores.<\/div>\n<\/div>\n<div class=\"x11i5rnm xat24cr x1mh8g0r x1vvkbs xtlvy1s x126k92a\">\n<div dir=\"auto\"><\/div>\n<div dir=\"auto\">Con esta iniciativa, Parque Urbano Alvear se posiciona como un referente en la promoci\u00f3n del desarrollo ecol\u00f3gico y el contacto con la naturaleza. Se espera que este proyecto atraiga tanto a residentes locales como a turistas, brindando una experiencia \u00fanica y contribuyendo al bienestar de la comunidad en su conjunto, cambiando por completo la fisonom\u00eda de la vista oeste del polideportivo municipal.<\/div>\n<\/div>\n","protected":false},"excerpt":{"rendered":"<p>El basural remediado sobre la avenida Alvear Oeste est\u00e1 a punto de dar un paso significativo hacia la promoci\u00f3n de la &#8230;<\/p>\n","protected":false},"author":7,"featured_media":122609,"comment_status":"open","ping_status":"open","sticky":false,"template":"","format":"standard","meta":{"footnotes":""},"categories":[1],"tags":[],"class_list":["post-122604","post","type-post","status-publish","format-standard","has-post-thumbnail","hentry","category-fmvinas"],"_links":{"self":[{"href":"https:\/\/vinasfm.com\/noticias\/wp-json\/wp\/v2\/posts\/122604","targetHints":{"allow":["GET"]}}],"collection":[{"href":"https:\/\/vinasfm.com\/noticias\/wp-json\/wp\/v2\/posts"}],"about":[{"href":"https:\/\/vinasfm.com\/noticias\/wp-json\/wp\/v2\/types\/post"}],"author":[{"embeddable":true,"href":"https:\/\/vinasfm.com\/noticias\/wp-json\/wp\/v2\/users\/7"}],"replies":[{"embeddable":true,"href":"https:\/\/vinasfm.com\/noticias\/wp-json\/wp\/v2\/comments?post=122604"}],"version-history":[{"count":2,"href":"https:\/\/vinasfm.com\/noticias\/wp-json\/wp\/v2\/posts\/122604\/revisions"}],"predecessor-version":[{"id":122610,"href":"https:\/\/vinasfm.com\/noticias\/wp-json\/wp\/v2\/posts\/122604\/revisions\/122610"}],"wp:featuredmedia":[{"embeddable":true,"href":"https:\/\/vinasfm.com\/noticias\/wp-json\/wp\/v2\/media\/122609"}],"wp:attachment":[{"href":"https:\/\/vinasfm.com\/noticias\/wp-json\/wp\/v2\/media?parent=122604"}],"wp:term":[{"taxonomy":"category","embeddable":true,"href":"https:\/\/vinasfm.com\/noticias\/wp-json\/wp\/v2\/categories?post=122604"},{"taxonomy":"post_tag","embeddable":true,"href":"https:\/\/vinasfm.com\/noticias\/wp-json\/wp\/v2\/tags?post=122604"}],"curies":[{"name":"wp","href":"https:\/\/api.w.org\/{rel}","templated":true}]}}