{"id":122590,"date":"2023-05-30T10:01:07","date_gmt":"2023-05-30T13:01:07","guid":{"rendered":"https:\/\/vinasfm.com\/noticias\/?p=122590"},"modified":"2023-05-30T20:17:43","modified_gmt":"2023-05-30T23:17:43","slug":"vaquie-viajo-a-san-rafael-para-trazar-un-plan-de-recuperacion-de-plastiandino-la-fabrica-destruida-por-un-incendio","status":"publish","type":"post","link":"https:\/\/vinasfm.com\/noticias\/vaquie-viajo-a-san-rafael-para-trazar-un-plan-de-recuperacion-de-plastiandino-la-fabrica-destruida-por-un-incendio\/","title":{"rendered":"VAQUI\u00c9 VIAJ\u00d3 A SAN RAFAEL PARA TRAZAR UN PLAN DE RECUPERACI\u00d3N DE PLASTIANDINO, LA F\u00c1BRICA DESTRUIDA POR UN INCENDIO"},"content":{"rendered":"<p><strong>El ministro de Econom\u00eda y Energ\u00eda, Enrique Vaqui\u00e9, se reuni\u00f3 con Hugo Bianchi y el equipo trabajo de la empresa, de la que dependen 210 familias. El Gobierno de Mendoza trazar\u00e1 un plan coordinado para recuperar la f\u00e1brica de empaques y envases flexibles de pl\u00e1stico que se incendi\u00f3 el martes 24 de mayo y tuvo da\u00f1os en casi la totalidad de las instalaciones.<\/strong><\/p>\n<p>El ministro de Econom\u00eda y Energ\u00eda, Enrique Vaqui\u00e9, se reuni\u00f3 en San Rafael con Hugo Bianchi, propietario de Plastiandino, la f\u00e1brica de empaques y envases flexibles de pl\u00e1stico que se incendi\u00f3 el martes 24 de mayo y tuvo da\u00f1os en casi la totalidad de las instalaciones.<\/p>\n<p>El encuentro del titular de Econom\u00eda con el equipo de trabajo de la empresa tuvo como fin comenzar a trazar un plan de recuperaci\u00f3n y ayuda para la reconstrucci\u00f3n y para cubrir los costos que demandar\u00e1n tanto el nuevo equipamiento como la materia prima y capital de trabajo.<\/p>\n<p><strong><em>\u201cEsta fue la primera reuni\u00f3n, el primer d\u00eda h\u00e1bil despu\u00e9s del incendio. Estuvimos analizando cuestiones de corto y largo plazo. A corto plazo se debe resolver la situaci\u00f3n de 160 trabajadores que son empleados de forma directa y otros 50 de forma indirecta\u201d<\/em><\/strong>, plante\u00f3 el ministro.<\/p>\n<p><strong><em>\u201cPara el mediano plazo planteamos una agenda de los pr\u00f3ximos 30 d\u00edas, como el objetivo de ver c\u00f3mo se hace para que se reconstruya la fabrica\u201d<\/em><\/strong>, explic\u00f3 Vaqui\u00e9.<\/p>\n<p>El ministro asegur\u00f3 que fue el Gobernador Rodolfo Su\u00e1rez quien se comunic\u00f3 con la empresa el d\u00eda del siniestro para poner a disposici\u00f3n su equipo de trabajo y plante\u00f3 un escenario en el que se coordine con la Municipalidad de San Rafael y el Gobierno nacional.<\/p>\n<p><strong><em>\u201cPara las dos tareas hace falta una coordinaci\u00f3n. El Gobernador ha pedido una reuni\u00f3n con el secretario de Comercio, Mar\u00edas Tombolini, ya que esta cartera es la que frena las importaciones, y con el secretario de Producci\u00f3n, Jos\u00e9 Ignacio de Mendiguren\u201d<\/em><\/strong>, afirm\u00f3 Vaqui\u00e9.<\/p>\n<p><em><strong>\u201cDesde Naci\u00f3n van a seguir cobrando los impuestos sobre los salarios y sobre lo ya vendido. Para la reconstrucci\u00f3n, tal vez se necesiten insumos importados. Hay que conseguir facilidades para que puedan salir adelante\u201d<\/strong><\/em>, resalt\u00f3.<\/p>\n<p><img loading=\"lazy\" decoding=\"async\" class=\"\" src=\"https:\/\/www.mendoza.gov.ar\/wp-content\/uploads\/sites\/5\/2023\/05\/IMG_-6wkr02-700x466.jpg\" width=\"350\" height=\"233\" \/> <img loading=\"lazy\" decoding=\"async\" class=\"\" src=\"https:\/\/www.mendoza.gov.ar\/wp-content\/uploads\/sites\/5\/2023\/05\/IMG-20230529-WA0103-700x467.jpg\" width=\"350\" height=\"234\" \/><\/p>\n<p>El ministro explic\u00f3 que la Provincia pondr\u00e1 a disposici\u00f3n de la f\u00e1brica todas las herramientas para mantener las fuentes laborales. <strong><em>\u201cSe puede analizar un programa como Enlace y Enlazados, pero orientado al mantenimiento de los puestos de trabajo. Mendoza se har\u00eda cargo del pago de una parte de los sueldos\u201d.<\/em><\/strong><\/p>\n<p>La f\u00e1brica, que inici\u00f3 sus actividades en 1972, es una de las m\u00e1s importantes de Mendoza y clave en San Rafael. Dedicada a la transformaci\u00f3n de polietileno de baja densidad por proceso de extrusi\u00f3n, sus productos llegan a clientes de todo el pa\u00eds y se exportan.<\/p>\n<p>La planta industrial se encuentra certificada bajo las normas ISO9.001, ISO14.001 y FSSC22.000. Cuenta con tecnolog\u00eda de punta tanto en los procesos de transformaci\u00f3n como de conversi\u00f3n y confecci\u00f3n de envases.<\/p>\n<p>Adem\u00e1s, Plastiandino ha desarrollado y patentado su familia de productos EcoFilm, que a trav\u00e9s de sus marcas EcoTec, EcoVac, EcoBib, EcoPack, EcoSup y BluePack proporciona al mercado soluciones de envases y empaques 100 % reciclables mec\u00e1nicamente.<\/p>\n","protected":false},"excerpt":{"rendered":"<p>El ministro de Econom\u00eda y Energ\u00eda, Enrique Vaqui\u00e9, se reuni\u00f3 con Hugo Bianchi y el equipo trabajo de la empresa, de &#8230;<\/p>\n","protected":false},"author":7,"featured_media":122591,"comment_status":"open","ping_status":"open","sticky":false,"template":"","format":"standard","meta":{"footnotes":""},"categories":[5,7],"tags":[],"class_list":["post-122590","post","type-post","status-publish","format-standard","has-post-thumbnail","hentry","category-actualidad","category-politica"],"_links":{"self":[{"href":"https:\/\/vinasfm.com\/noticias\/wp-json\/wp\/v2\/posts\/122590","targetHints":{"allow":["GET"]}}],"collection":[{"href":"https:\/\/vinasfm.com\/noticias\/wp-json\/wp\/v2\/posts"}],"about":[{"href":"https:\/\/vinasfm.com\/noticias\/wp-json\/wp\/v2\/types\/post"}],"author":[{"embeddable":true,"href":"https:\/\/vinasfm.com\/noticias\/wp-json\/wp\/v2\/users\/7"}],"replies":[{"embeddable":true,"href":"https:\/\/vinasfm.com\/noticias\/wp-json\/wp\/v2\/comments?post=122590"}],"version-history":[{"count":1,"href":"https:\/\/vinasfm.com\/noticias\/wp-json\/wp\/v2\/posts\/122590\/revisions"}],"predecessor-version":[{"id":122592,"href":"https:\/\/vinasfm.com\/noticias\/wp-json\/wp\/v2\/posts\/122590\/revisions\/122592"}],"wp:featuredmedia":[{"embeddable":true,"href":"https:\/\/vinasfm.com\/noticias\/wp-json\/wp\/v2\/media\/122591"}],"wp:attachment":[{"href":"https:\/\/vinasfm.com\/noticias\/wp-json\/wp\/v2\/media?parent=122590"}],"wp:term":[{"taxonomy":"category","embeddable":true,"href":"https:\/\/vinasfm.com\/noticias\/wp-json\/wp\/v2\/categories?post=122590"},{"taxonomy":"post_tag","embeddable":true,"href":"https:\/\/vinasfm.com\/noticias\/wp-json\/wp\/v2\/tags?post=122590"}],"curies":[{"name":"wp","href":"https:\/\/api.w.org\/{rel}","templated":true}]}}