{"id":122580,"date":"2023-05-30T10:23:40","date_gmt":"2023-05-30T13:23:40","guid":{"rendered":"https:\/\/vinasfm.com\/noticias\/?p=122580"},"modified":"2023-05-30T22:42:13","modified_gmt":"2023-05-31T01:42:13","slug":"el-fin-de-semana-fue-realmente-positivo-en-cuanto-a-turismo-en-nuestro-departamento","status":"publish","type":"post","link":"https:\/\/vinasfm.com\/noticias\/el-fin-de-semana-fue-realmente-positivo-en-cuanto-a-turismo-en-nuestro-departamento\/","title":{"rendered":"EL FIN DE SEMANA FUE REALMENTE POSITIVO EN CUANTO A TURISMO EN NUESTRO DEPARTAMENTO"},"content":{"rendered":"<h4>El fin de semana largo fue positivo para el Paseo de las Artesanos, con una ocupaci\u00f3n del 70% y mucha concurrencia local. Los eventos deportivos y gastron\u00f3micos est\u00e1n atrayendo turistas a General Alvear, y se est\u00e1n preparando para la temporada de invierno con el festival Calab<\/h4>\n<p>As\u00ed lo detallo Roberto Sim\u00f3n, director de turismo de nuestro departamento en los micr\u00f3fonos de F.M VI\u00d1AS:<em><strong> &#8216;un balance muy positivo, sobre todo ac\u00e1 en el Paseo de las Artesanos, nuestro kil\u00f3metro cero. Con respecto a la ocupaci\u00f3n, m\u00e1s o menos ha sido muy variada, pero un promedio del 70% entre los 4 d\u00edas. Jueves y viernes estuvo un poco menos, pero lo que fue s\u00e1bado y domingo realmente con mucha ocupaci\u00f3n&#8217;<\/strong><\/em><\/p>\n<p><em><strong>&#8216;Los eventos deportivos ya lo ten\u00edamos, estamos en conversaci\u00f3n tambi\u00e9n con otros eventos, no solamente con las chicas del B\u00e1squet si no tambi\u00e9n con el tenis de mesa, otro torneo que surgi\u00f3 desde lo privado, fue el de P\u00e1del, aporta su cuota al turismo y al movimiento de los lugares de gastronom\u00eda que el s\u00e1bado, viernes, s\u00e1bado y domingo se vieron con buena ocupaci\u00f3n&#8217;<\/strong><\/em><\/p>\n<p>Adem\u00e1s hablo acerca de la temporada de Calab que se vivir\u00e1 en el departamento: <em><strong>&#8216;eso va a ser una preparaci\u00f3n para lo que van a ser las vacaciones de invierno, que van a comenzar con el Calab, el 7, 8 y 9 de julio. Y bueno, estamos justamente preparando con todas las \u00e1reas municipales este invierno que parece que va a ser con mucha influencia de gente&#8217;<\/strong><\/em><\/p>\n<h6><strong>Ludmila Lucero<\/strong><\/h6>\n<p>&nbsp;<\/p>\n","protected":false},"excerpt":{"rendered":"<p>El fin de semana largo fue positivo para el Paseo de las Artesanos, con una ocupaci\u00f3n del 70% y mucha concurrencia &#8230;<\/p>\n","protected":false},"author":7,"featured_media":122197,"comment_status":"open","ping_status":"open","sticky":false,"template":"","format":"standard","meta":{"footnotes":""},"categories":[5,21],"tags":[],"class_list":["post-122580","post","type-post","status-publish","format-standard","has-post-thumbnail","hentry","category-actualidad","category-turismo-2"],"_links":{"self":[{"href":"https:\/\/vinasfm.com\/noticias\/wp-json\/wp\/v2\/posts\/122580","targetHints":{"allow":["GET"]}}],"collection":[{"href":"https:\/\/vinasfm.com\/noticias\/wp-json\/wp\/v2\/posts"}],"about":[{"href":"https:\/\/vinasfm.com\/noticias\/wp-json\/wp\/v2\/types\/post"}],"author":[{"embeddable":true,"href":"https:\/\/vinasfm.com\/noticias\/wp-json\/wp\/v2\/users\/7"}],"replies":[{"embeddable":true,"href":"https:\/\/vinasfm.com\/noticias\/wp-json\/wp\/v2\/comments?post=122580"}],"version-history":[{"count":1,"href":"https:\/\/vinasfm.com\/noticias\/wp-json\/wp\/v2\/posts\/122580\/revisions"}],"predecessor-version":[{"id":122601,"href":"https:\/\/vinasfm.com\/noticias\/wp-json\/wp\/v2\/posts\/122580\/revisions\/122601"}],"wp:featuredmedia":[{"embeddable":true,"href":"https:\/\/vinasfm.com\/noticias\/wp-json\/wp\/v2\/media\/122197"}],"wp:attachment":[{"href":"https:\/\/vinasfm.com\/noticias\/wp-json\/wp\/v2\/media?parent=122580"}],"wp:term":[{"taxonomy":"category","embeddable":true,"href":"https:\/\/vinasfm.com\/noticias\/wp-json\/wp\/v2\/categories?post=122580"},{"taxonomy":"post_tag","embeddable":true,"href":"https:\/\/vinasfm.com\/noticias\/wp-json\/wp\/v2\/tags?post=122580"}],"curies":[{"name":"wp","href":"https:\/\/api.w.org\/{rel}","templated":true}]}}