{"id":122573,"date":"2023-05-30T09:44:54","date_gmt":"2023-05-30T12:44:54","guid":{"rendered":"https:\/\/vinasfm.com\/noticias\/?p=122573"},"modified":"2023-05-30T10:52:11","modified_gmt":"2023-05-30T13:52:11","slug":"continuan-los-reclamos-de-colectivos-que-conecten-a-alvear-con-san-luis-y-cordoba-y-exigen-que-este-regulado","status":"publish","type":"post","link":"https:\/\/vinasfm.com\/noticias\/continuan-los-reclamos-de-colectivos-que-conecten-a-alvear-con-san-luis-y-cordoba-y-exigen-que-este-regulado\/","title":{"rendered":"CONTIN\u00daAN LOS RECLAMOS DE COLECTIVOS QUE CONECTEN A ALVEAR CON SAN LUIS Y C\u00d3RDOBA, Y EXIGEN QUE EST\u00c9 REGULADO"},"content":{"rendered":"<p><strong>Desde hace a\u00f1os, estudiantes que cursan carreras en San Luis y C\u00f3rdoba, vienen reclamando por un servicio de transporte que tenga una conexi\u00f3n directa entre General Alvear y las provincias. <\/strong><\/p>\n<p>El pasado domingo los pasajeros se reunieron en la Terminal de \u00d3mnibus con el fin de abordar el colectivo, sin embargo la que parec\u00eda ser una soluci\u00f3n a la problem\u00e1tica dej\u00f3 m\u00e1s dudas que respuestas.<\/p>\n<p>Alexander Majstruk, Titular\u00a0de la empresa de transportes La Uni\u00f3n, cuestion\u00f3 el accionar de las empresas de transporte que propusieron una \u00absoluci\u00f3n\u00bb. <strong><em>\u00abLa comunidad de General Alvear no merece un servicio de estas caracter\u00edsticas ya que es un servicio irregular y se est\u00e1n haciendo cosas que no corresponden. Estas acciones desvirt\u00faan el transporte p\u00fablico de pasajeros nacional y provincial\u00bb<\/em><\/strong>, apunt\u00f3 Majstruk.<\/p>\n<p>La \u00absoluci\u00f3n\u00bb que se hab\u00eda encontrado consist\u00eda en una trafic que transportar\u00eda a los pasajeros hasta Monte Com\u00e1n y all\u00ed podr\u00edan abordar el colectivo que los llevar\u00eda a las provincias mencionadas.<\/p>\n<p>Teniendo en cuenta este accionar irregular se entiende que no es la forma correcta de hacerlo. <strong><em>\u00abNo podemos ponernos a transportar personas en condiciones precarias porque despu\u00e9s suceden tragedias y nos lamentamos\u00bb<\/em><\/strong>, expres\u00f3 y record\u00f3 el accidente ocurrido en 2017 en la Cuesta de los Terneros. <strong><em>\u00abEl boleto que emite la empresa dice Monte Com\u00e1n &#8211; San Luis o Monte Com\u00e1n &#8211; C\u00f3rdoba, la empresa carga a los pasajeros en Alvear con una empresa de servicios contratados, ah\u00ed est\u00e1 la gran pregunta &#8216;\u00bfC\u00f3mo van a actuar en el caso de un accidente?'\u00bb<\/em><\/strong>, cuestion\u00f3 Mastrujk.<\/p>\n<p>Luego Majstuk explic\u00f3 que los servicios de transporte contratados <strong><em>\u00abse deben utilizar verdaderamente con esos fines y no para desvirtuar el transporte p\u00fablico de pasajeros\u00bb<\/em> <\/strong>y agreg\u00f3 <em><strong>\u00abentiendo que la gente lo ve como una soluci\u00f3n pero hay que tener en claro que debe estar dentro de la ley\u00bb.\u00a0<\/strong><\/em><\/p>\n<p><strong><em>\u00abNuestra firma tiene el pedido desde el 2014 para poder realizar esta conexi\u00f3n, pero son estas grandes empresas las que impiden que podamos realizarlo y luego son los mismo que precarizan el transporte\u00bb<\/em><\/strong>, remarc\u00f3 Alexander Majstruk.\u00a0Dentro de las oposiciones, las empresas opositoras argumentan que ya existe un transporte que conecta San Rafael con San Luis y C\u00f3rdoba.<\/p>\n<p>Majstuk explic\u00f3 que luego de tomar conocimiento de este accionar se realiz\u00f3 un acta formal que ser\u00e1 elevada a los \u00f3rganos reguladores pertinentes. <strong><em>\u00abEsperamos que las autoridades tomen conciencia y den una soluci\u00f3n r\u00e1pida para luego no tener que lamentar ning\u00fan accidente\u00bb<\/em><\/strong>, subray\u00f3 el Titular de la empresa de transportes La Uni\u00f3n y concluy\u00f3 <strong><em>\u00abno podemos pasar por alto esta situaci\u00f3n porque as\u00ed la estamos avalando\u00bb.<\/em><\/strong><\/p>\n<h6>Vallejos, G.<\/h6>\n","protected":false},"excerpt":{"rendered":"<p>Desde hace a\u00f1os, estudiantes que cursan carreras en San Luis y C\u00f3rdoba, vienen reclamando por un servicio de transporte que tenga &#8230;<\/p>\n","protected":false},"author":7,"featured_media":122575,"comment_status":"open","ping_status":"open","sticky":false,"template":"","format":"standard","meta":{"footnotes":""},"categories":[5,66],"tags":[],"class_list":["post-122573","post","type-post","status-publish","format-standard","has-post-thumbnail","hentry","category-actualidad","category-transporte"],"_links":{"self":[{"href":"https:\/\/vinasfm.com\/noticias\/wp-json\/wp\/v2\/posts\/122573","targetHints":{"allow":["GET"]}}],"collection":[{"href":"https:\/\/vinasfm.com\/noticias\/wp-json\/wp\/v2\/posts"}],"about":[{"href":"https:\/\/vinasfm.com\/noticias\/wp-json\/wp\/v2\/types\/post"}],"author":[{"embeddable":true,"href":"https:\/\/vinasfm.com\/noticias\/wp-json\/wp\/v2\/users\/7"}],"replies":[{"embeddable":true,"href":"https:\/\/vinasfm.com\/noticias\/wp-json\/wp\/v2\/comments?post=122573"}],"version-history":[{"count":4,"href":"https:\/\/vinasfm.com\/noticias\/wp-json\/wp\/v2\/posts\/122573\/revisions"}],"predecessor-version":[{"id":122594,"href":"https:\/\/vinasfm.com\/noticias\/wp-json\/wp\/v2\/posts\/122573\/revisions\/122594"}],"wp:featuredmedia":[{"embeddable":true,"href":"https:\/\/vinasfm.com\/noticias\/wp-json\/wp\/v2\/media\/122575"}],"wp:attachment":[{"href":"https:\/\/vinasfm.com\/noticias\/wp-json\/wp\/v2\/media?parent=122573"}],"wp:term":[{"taxonomy":"category","embeddable":true,"href":"https:\/\/vinasfm.com\/noticias\/wp-json\/wp\/v2\/categories?post=122573"},{"taxonomy":"post_tag","embeddable":true,"href":"https:\/\/vinasfm.com\/noticias\/wp-json\/wp\/v2\/tags?post=122573"}],"curies":[{"name":"wp","href":"https:\/\/api.w.org\/{rel}","templated":true}]}}