{"id":122522,"date":"2023-05-29T11:38:15","date_gmt":"2023-05-29T14:38:15","guid":{"rendered":"https:\/\/vinasfm.com\/noticias\/?p=122522"},"modified":"2023-05-29T11:38:15","modified_gmt":"2023-05-29T14:38:15","slug":"desde-la-lista-504-b-manifestaron-que-deben-involucrarse-en-las-problematicas-para-brindar-soluciones","status":"publish","type":"post","link":"https:\/\/vinasfm.com\/noticias\/desde-la-lista-504-b-manifestaron-que-deben-involucrarse-en-las-problematicas-para-brindar-soluciones\/","title":{"rendered":"DESDE LA LISTA 504 B MANIFESTARON QUE DEBEN INVOLUCRARSE EN LAS PROBLEM\u00c1TICAS PARA BRINDAR SOLUCIONES"},"content":{"rendered":"<p><b>Los distintos precandidatos est\u00e1n viviendo una intensa campa\u00f1a electoral recorriendo distintos puntos del departamento, todos tienen como principal objetivo educar en el uso de la Boleta \u00danica.\u00a0<\/b><\/p>\n<p>N\u00e9stor Ortega, precandidato a concejal en primer termino, explic\u00f3 que desde hace alg\u00fan tiempo iniciaron la campa\u00f1a para las PASO del 11 de junio, <strong><em>\u00abJunto a Javier Lopez tenemos una agenda muy nutrida para tratar de llegar a todos los puntos en el departamento\u00bb.<\/em><\/strong> Como tambi\u00e9n lo hicieron otros precandidatos, Ortega indic\u00f3 que <strong><em>\u00aben parte este recorrido es para hacer llegar nuestras propuestas pero tambi\u00e9n para educar en el uso de la Boleta \u00danica\u00bb.<\/em><\/strong><\/p>\n<p>Miguel Santolin, tambi\u00e9n precandidato a concejal en tercer termino, se refiri\u00f3 a la nueva modalidad de elecci\u00f3n y reconoci\u00f3 que<em><strong> \u00abfalta informaci\u00f3n\u00bb<\/strong> <\/em>y agreg\u00f3 <em><b>\u00abno he visto cortos comerciales por parte del gobierno explicando como se vota, lo hemos hecho cada partido con similitudes a trav\u00e9s de las redes\u00bb.<\/b><\/em><\/p>\n<p><img loading=\"lazy\" decoding=\"async\" class=\"\" src=\"https:\/\/scontent.fmdz10-1.fna.fbcdn.net\/v\/t39.30808-6\/344085864_693434745874294_5620488586947394680_n.jpg?stp=dst-jpg_p960x960&amp;_nc_cat=103&amp;ccb=1-7&amp;_nc_sid=730e14&amp;_nc_eui2=AeE1tSL5A0lBAcA-8q0e5VvzJlbSejzpC-cmVtJ6POkL50UucPA7oAvS7NQlY2XB8eqxJBIeblgD9B06H27ZnUoH&amp;_nc_ohc=ypE_ZaX0uV0AX85n2JP&amp;_nc_ht=scontent.fmdz10-1.fna&amp;oh=00_AfDofigqAOCIyzEvA6YBjIUJ1Rr_yWkCuNiGj2B9g8xenQ&amp;oe=647A25DB\" width=\"340\" height=\"340\" \/> <img loading=\"lazy\" decoding=\"async\" class=\"\" src=\"https:\/\/scontent.fmdz10-1.fna.fbcdn.net\/v\/t39.30808-6\/344827226_186713290924456_6513412487540687142_n.jpg?stp=dst-jpg_p960x960&amp;_nc_cat=109&amp;ccb=1-7&amp;_nc_sid=730e14&amp;_nc_eui2=AeGBugBc9iIewgD-xWHPjyd28wbz35GfNpbzBvPfkZ82loOgOunkyg84jBFckNT83twKHkIgU51lNB9K8q8K-cxf&amp;_nc_ohc=pEXxHSMugxsAX-59rv6&amp;_nc_ht=scontent.fmdz10-1.fna&amp;oh=00_AfDu0jeGKvXV2AV1mn7BIKD3J_vNrMPUd3rDZc3B45WYmw&amp;oe=6478BA68\" width=\"340\" height=\"340\" \/><\/p>\n<h2>Las dudas de los ciudadanos<\/h2>\n<p>En los recorridos que realizan los precandidatos, los vecinos del departamento no dejan pasar la oportunidad y manifiestan sus inquietudes. Santolin destac\u00f3 que a diferencia de los reclamos que se realizan de forma an\u00f3nima <strong><em>\u00abla gente se ha mostrado muy respetuosa, demuestran inter\u00e9s y dan propuestas\u00bb.\u00a0<\/em><\/strong><\/p>\n<p>Uno de los reclamos m\u00e1s frecuentes es la frecuencia y recorridos de los colectivos, en donde se ven afectadas las zonas m\u00e1s alejadas. Ortega tambi\u00e9n indic\u00f3 que los vecinos de San Pedro del Atuel reclaman por la escasez del agua ya que no llega en cantidad ni calidad.<\/p>\n<p>Por \u00faltimo los precandidatos coincidieron en que <strong><em>\u00abson problem\u00e1ticas comunes que se presentan en toda la provincia pero es importante involucrarse para efectuar mejoras d\u00eda a d\u00eda\u00bb.\u00a0<\/em><\/strong><\/p>\n<p>&nbsp;<\/p>\n<p>&nbsp;<\/p>\n","protected":false},"excerpt":{"rendered":"<p>Los distintos precandidatos est\u00e1n viviendo una intensa campa\u00f1a electoral recorriendo distintos puntos del departamento, todos tienen como principal objetivo educar en &#8230;<\/p>\n","protected":false},"author":7,"featured_media":122552,"comment_status":"open","ping_status":"open","sticky":false,"template":"","format":"standard","meta":{"footnotes":""},"categories":[1],"tags":[],"class_list":["post-122522","post","type-post","status-publish","format-standard","has-post-thumbnail","hentry","category-fmvinas"],"_links":{"self":[{"href":"https:\/\/vinasfm.com\/noticias\/wp-json\/wp\/v2\/posts\/122522","targetHints":{"allow":["GET"]}}],"collection":[{"href":"https:\/\/vinasfm.com\/noticias\/wp-json\/wp\/v2\/posts"}],"about":[{"href":"https:\/\/vinasfm.com\/noticias\/wp-json\/wp\/v2\/types\/post"}],"author":[{"embeddable":true,"href":"https:\/\/vinasfm.com\/noticias\/wp-json\/wp\/v2\/users\/7"}],"replies":[{"embeddable":true,"href":"https:\/\/vinasfm.com\/noticias\/wp-json\/wp\/v2\/comments?post=122522"}],"version-history":[{"count":2,"href":"https:\/\/vinasfm.com\/noticias\/wp-json\/wp\/v2\/posts\/122522\/revisions"}],"predecessor-version":[{"id":122553,"href":"https:\/\/vinasfm.com\/noticias\/wp-json\/wp\/v2\/posts\/122522\/revisions\/122553"}],"wp:featuredmedia":[{"embeddable":true,"href":"https:\/\/vinasfm.com\/noticias\/wp-json\/wp\/v2\/media\/122552"}],"wp:attachment":[{"href":"https:\/\/vinasfm.com\/noticias\/wp-json\/wp\/v2\/media?parent=122522"}],"wp:term":[{"taxonomy":"category","embeddable":true,"href":"https:\/\/vinasfm.com\/noticias\/wp-json\/wp\/v2\/categories?post=122522"},{"taxonomy":"post_tag","embeddable":true,"href":"https:\/\/vinasfm.com\/noticias\/wp-json\/wp\/v2\/tags?post=122522"}],"curies":[{"name":"wp","href":"https:\/\/api.w.org\/{rel}","templated":true}]}}