{"id":122491,"date":"2023-05-27T10:04:21","date_gmt":"2023-05-27T13:04:21","guid":{"rendered":"https:\/\/vinasfm.com\/noticias\/?p=122491"},"modified":"2023-05-27T10:09:49","modified_gmt":"2023-05-27T13:09:49","slug":"pronostico-para-el-fin-de-semana-en-general-alvear","status":"publish","type":"post","link":"https:\/\/vinasfm.com\/noticias\/pronostico-para-el-fin-de-semana-en-general-alvear\/","title":{"rendered":"PRON\u00d3STICO PARA EL FIN DE SEMANA EN GENERAL ALVEAR"},"content":{"rendered":"<p><strong>Contin\u00faan las bajas temperaturas, con m\u00ednimas que rondar\u00e1n los 3\u00b0C y m\u00e1ximas que rozar\u00e1n los 15\u00b0C.<\/strong><\/p>\n<p>Este s\u00e1bado se espera viento sureste, en la noche ingreso viento norte. El cielo presentar\u00e1 algo de nubosidad. Continua el descenso de temperatura, m\u00e1xima 13 \u00b0C y m\u00ednima 3 \u00b0C, en zona urbana.<\/p>\n<p>El d\u00eda domingo se espera que presente viento norte de intensidad moderada, el cielo permanecer\u00e1 nuboso. M\u00e1xima 15 \u00b0C y m\u00ednima 2 \u00b0C, zona urbana.<\/p>\n<p>El d\u00eda lunes inicia una nueva semana y la \u00faltima de mayo. Se espera viento norte y cielo con algo de nubosidad para toda la jornada. M\u00e1xima 17 \u00b0C\u00a0 y m\u00ednima 3 \u00b0C, zona urbana.<\/p>\n","protected":false},"excerpt":{"rendered":"<p>Contin\u00faan las bajas temperaturas, con m\u00ednimas que rondar\u00e1n los 3\u00b0C y m\u00e1ximas que rozar\u00e1n los 15\u00b0C. Este s\u00e1bado se espera viento &#8230;<\/p>\n","protected":false},"author":7,"featured_media":31888,"comment_status":"open","ping_status":"open","sticky":false,"template":"","format":"standard","meta":{"footnotes":""},"categories":[1],"tags":[],"class_list":["post-122491","post","type-post","status-publish","format-standard","has-post-thumbnail","hentry","category-fmvinas"],"_links":{"self":[{"href":"https:\/\/vinasfm.com\/noticias\/wp-json\/wp\/v2\/posts\/122491","targetHints":{"allow":["GET"]}}],"collection":[{"href":"https:\/\/vinasfm.com\/noticias\/wp-json\/wp\/v2\/posts"}],"about":[{"href":"https:\/\/vinasfm.com\/noticias\/wp-json\/wp\/v2\/types\/post"}],"author":[{"embeddable":true,"href":"https:\/\/vinasfm.com\/noticias\/wp-json\/wp\/v2\/users\/7"}],"replies":[{"embeddable":true,"href":"https:\/\/vinasfm.com\/noticias\/wp-json\/wp\/v2\/comments?post=122491"}],"version-history":[{"count":2,"href":"https:\/\/vinasfm.com\/noticias\/wp-json\/wp\/v2\/posts\/122491\/revisions"}],"predecessor-version":[{"id":122494,"href":"https:\/\/vinasfm.com\/noticias\/wp-json\/wp\/v2\/posts\/122491\/revisions\/122494"}],"wp:featuredmedia":[{"embeddable":true,"href":"https:\/\/vinasfm.com\/noticias\/wp-json\/wp\/v2\/media\/31888"}],"wp:attachment":[{"href":"https:\/\/vinasfm.com\/noticias\/wp-json\/wp\/v2\/media?parent=122491"}],"wp:term":[{"taxonomy":"category","embeddable":true,"href":"https:\/\/vinasfm.com\/noticias\/wp-json\/wp\/v2\/categories?post=122491"},{"taxonomy":"post_tag","embeddable":true,"href":"https:\/\/vinasfm.com\/noticias\/wp-json\/wp\/v2\/tags?post=122491"}],"curies":[{"name":"wp","href":"https:\/\/api.w.org\/{rel}","templated":true}]}}