{"id":122482,"date":"2023-05-27T10:26:09","date_gmt":"2023-05-27T13:26:09","guid":{"rendered":"https:\/\/vinasfm.com\/noticias\/?p=122482"},"modified":"2023-05-27T10:42:50","modified_gmt":"2023-05-27T13:42:50","slug":"andes-foot-ball-club-celebra-sus-107-anos-de-vida","status":"publish","type":"post","link":"https:\/\/vinasfm.com\/noticias\/andes-foot-ball-club-celebra-sus-107-anos-de-vida\/","title":{"rendered":"ANDES FOOT-BALL CLUB CELEBRA SUS 107 A\u00d1OS DE VIDA"},"content":{"rendered":"<p><b>El Croto organiza una cena y show para festejar los 107 a\u00f1os de historia que convirti\u00f3 al club en uno de los m\u00e1s emblem\u00e1ticos de General Alvear.\u00a0<\/b><\/p>\n<p>El club fue fundado el 21 de mayo de 1926, su primer presidente fue el rosarino de nacimiento, y alvearense por adopci\u00f3n, Emilio Sicilia. Su actual presidente, Alejandro Molero, expres\u00f3 <em><b>\u00abnos llena de alegr\u00eda ver que el club sigue avanzando y siendo protagonista. Es una alegr\u00eda inmensa que tanto como simpatizantes\u00a0de Andes, como tambi\u00e9n de otros clubes, nos den su apoyo\u00bb.\u00a0<\/b><\/em><\/p>\n<p>Molero no dej\u00f3 pasar la oportunidad y record\u00f3 con cari\u00f1o lo que se ha logrado en los \u00faltimos a\u00f1os; <strong><em>\u00abhoy tenemos colonia de verano, escuelas deportivas, muchos profesores y una gran comunidad que ha logrado que nos sintamos orgullosos. Logramos sue\u00f1os y es una enorme alegr\u00eda\u00bb.<\/em><\/strong><\/p>\n<p><a href=\"http:\/\/vinasfm.com\/noticias\/wp-content\/uploads\/2023\/05\/349090548_932665881276640_705394754641305034_n.jpg\"><img loading=\"lazy\" decoding=\"async\" class=\"wp-image-122483 aligncenter\" src=\"http:\/\/vinasfm.com\/noticias\/wp-content\/uploads\/2023\/05\/349090548_932665881276640_705394754641305034_n.jpg\" alt=\"\" width=\"500\" height=\"500\" srcset=\"https:\/\/vinasfm.com\/noticias\/wp-content\/uploads\/2023\/05\/349090548_932665881276640_705394754641305034_n.jpg 843w, https:\/\/vinasfm.com\/noticias\/wp-content\/uploads\/2023\/05\/349090548_932665881276640_705394754641305034_n-300x300.jpg 300w, https:\/\/vinasfm.com\/noticias\/wp-content\/uploads\/2023\/05\/349090548_932665881276640_705394754641305034_n-150x150.jpg 150w, https:\/\/vinasfm.com\/noticias\/wp-content\/uploads\/2023\/05\/349090548_932665881276640_705394754641305034_n-768x768.jpg 768w, https:\/\/vinasfm.com\/noticias\/wp-content\/uploads\/2023\/05\/349090548_932665881276640_705394754641305034_n-360x360.jpg 360w, https:\/\/vinasfm.com\/noticias\/wp-content\/uploads\/2023\/05\/349090548_932665881276640_705394754641305034_n-750x750.jpg 750w\" sizes=\"auto, (max-width: 500px) 100vw, 500px\" \/><\/a><\/p>\n<p>&nbsp;<\/p>\n<p>Adem\u00e1s, el presidente del club record\u00f3 que pronto se renovar\u00e1n las autoridades del mismo, y si bien terminar\u00e1 su etapa como presidente indic\u00f3 que siempre estar\u00e1 ligado a toda la actividad.<em><strong> \u00abLas nuevas autoridades vendr\u00e1n con mucha fuerza, sue\u00f1os y proyectos, y como corresponde siempre tendr\u00e1n nuestro apoyo\u00bb.\u00a0<\/strong><\/em><\/p>\n<p>Por \u00faltimo se refiri\u00f3 a la comunidad que se formado en torno a Andes Foot-Ball Club, <em><b>\u00absiempre hablamos de que a ese predio anclado en el centro de General Alvear deb\u00edamos\u00a0darle vida. Hemos vivido momentos\u00a0en donde las instituciones deportivas se ca\u00edan y eran dif\u00edciles de remontar, pero hoy atravesamos un momento distinto, cada vez son m\u00e1s las oportunidades que tiene el deporte en Alvear\u00bb.\u00a0<\/b><\/em><\/p>\n<h6>Vallejos, G.<\/h6>\n","protected":false},"excerpt":{"rendered":"<p>El Croto organiza una cena y show para festejar los 107 a\u00f1os de historia que convirti\u00f3 al club en uno de &#8230;<\/p>\n","protected":false},"author":7,"featured_media":122495,"comment_status":"open","ping_status":"open","sticky":false,"template":"","format":"standard","meta":{"footnotes":""},"categories":[1],"tags":[],"class_list":["post-122482","post","type-post","status-publish","format-standard","has-post-thumbnail","hentry","category-fmvinas"],"_links":{"self":[{"href":"https:\/\/vinasfm.com\/noticias\/wp-json\/wp\/v2\/posts\/122482","targetHints":{"allow":["GET"]}}],"collection":[{"href":"https:\/\/vinasfm.com\/noticias\/wp-json\/wp\/v2\/posts"}],"about":[{"href":"https:\/\/vinasfm.com\/noticias\/wp-json\/wp\/v2\/types\/post"}],"author":[{"embeddable":true,"href":"https:\/\/vinasfm.com\/noticias\/wp-json\/wp\/v2\/users\/7"}],"replies":[{"embeddable":true,"href":"https:\/\/vinasfm.com\/noticias\/wp-json\/wp\/v2\/comments?post=122482"}],"version-history":[{"count":3,"href":"https:\/\/vinasfm.com\/noticias\/wp-json\/wp\/v2\/posts\/122482\/revisions"}],"predecessor-version":[{"id":122502,"href":"https:\/\/vinasfm.com\/noticias\/wp-json\/wp\/v2\/posts\/122482\/revisions\/122502"}],"wp:featuredmedia":[{"embeddable":true,"href":"https:\/\/vinasfm.com\/noticias\/wp-json\/wp\/v2\/media\/122495"}],"wp:attachment":[{"href":"https:\/\/vinasfm.com\/noticias\/wp-json\/wp\/v2\/media?parent=122482"}],"wp:term":[{"taxonomy":"category","embeddable":true,"href":"https:\/\/vinasfm.com\/noticias\/wp-json\/wp\/v2\/categories?post=122482"},{"taxonomy":"post_tag","embeddable":true,"href":"https:\/\/vinasfm.com\/noticias\/wp-json\/wp\/v2\/tags?post=122482"}],"curies":[{"name":"wp","href":"https:\/\/api.w.org\/{rel}","templated":true}]}}