{"id":122480,"date":"2023-05-26T19:57:30","date_gmt":"2023-05-26T22:57:30","guid":{"rendered":"https:\/\/vinasfm.com\/noticias\/?p=122480"},"modified":"2023-05-27T11:29:37","modified_gmt":"2023-05-27T14:29:37","slug":"de-marchi-le-pide-al-gobierno-revisar-prioridades","status":"publish","type":"post","link":"https:\/\/vinasfm.com\/noticias\/de-marchi-le-pide-al-gobierno-revisar-prioridades\/","title":{"rendered":"DE MARCHI LE PIDE AL GOBIERNO REVISAR PRIORIDADES"},"content":{"rendered":"<p><strong>El precandidato a Gobernador por LAUM le solicita al Gobierno provincial revisar la licitaci\u00f3n por un nuevo tramo del metrotranvia y priorizar la inversi\u00f3n en infraestructura escolar<\/strong><\/p>\n<p>https:\/\/twitter.com\/omardemarchi\/status\/1662200752675373057?s=46&#038;t=0TLXEW8Pq_ESt6SIVOIgKw<\/p>\n<p>&nbsp;<\/p>\n<p>Omar De Marchi sostiene que la licitaci\u00f3n por este nuevo tramo del tren urbano es innecesaria y que compromete a la pr\u00f3xima gesti\u00f3n.<\/p>\n<p>Adem\u00e1s el precandidato a Gobernador por La Uni\u00f3n Mendocina record\u00f3 que las formaciones fueron regaladas a la provincia por encontrarse obsoletas.<\/p>\n<p>Por \u00faltimo, De Marchi sostuvo que <em><strong>\u201cel recorrido de un metrotranv\u00eda puede reemplazarse por un buen transporte p\u00fablico, mientras que la calidad educativa de una escuela nueva, nada lo reemplaza\u201d.<\/strong><\/em><\/p>\n","protected":false},"excerpt":{"rendered":"<p>El precandidato a Gobernador por LAUM le solicita al Gobierno provincial revisar la licitaci\u00f3n por un nuevo tramo del metrotranvia y &#8230;<\/p>\n","protected":false},"author":7,"featured_media":85090,"comment_status":"open","ping_status":"open","sticky":false,"template":"","format":"standard","meta":{"footnotes":""},"categories":[5,7],"tags":[],"class_list":["post-122480","post","type-post","status-publish","format-standard","has-post-thumbnail","hentry","category-actualidad","category-politica"],"_links":{"self":[{"href":"https:\/\/vinasfm.com\/noticias\/wp-json\/wp\/v2\/posts\/122480","targetHints":{"allow":["GET"]}}],"collection":[{"href":"https:\/\/vinasfm.com\/noticias\/wp-json\/wp\/v2\/posts"}],"about":[{"href":"https:\/\/vinasfm.com\/noticias\/wp-json\/wp\/v2\/types\/post"}],"author":[{"embeddable":true,"href":"https:\/\/vinasfm.com\/noticias\/wp-json\/wp\/v2\/users\/7"}],"replies":[{"embeddable":true,"href":"https:\/\/vinasfm.com\/noticias\/wp-json\/wp\/v2\/comments?post=122480"}],"version-history":[{"count":1,"href":"https:\/\/vinasfm.com\/noticias\/wp-json\/wp\/v2\/posts\/122480\/revisions"}],"predecessor-version":[{"id":122481,"href":"https:\/\/vinasfm.com\/noticias\/wp-json\/wp\/v2\/posts\/122480\/revisions\/122481"}],"wp:featuredmedia":[{"embeddable":true,"href":"https:\/\/vinasfm.com\/noticias\/wp-json\/wp\/v2\/media\/85090"}],"wp:attachment":[{"href":"https:\/\/vinasfm.com\/noticias\/wp-json\/wp\/v2\/media?parent=122480"}],"wp:term":[{"taxonomy":"category","embeddable":true,"href":"https:\/\/vinasfm.com\/noticias\/wp-json\/wp\/v2\/categories?post=122480"},{"taxonomy":"post_tag","embeddable":true,"href":"https:\/\/vinasfm.com\/noticias\/wp-json\/wp\/v2\/tags?post=122480"}],"curies":[{"name":"wp","href":"https:\/\/api.w.org\/{rel}","templated":true}]}}