{"id":122434,"date":"2023-05-26T09:20:28","date_gmt":"2023-05-26T12:20:28","guid":{"rendered":"https:\/\/vinasfm.com\/noticias\/?p=122434"},"modified":"2023-05-27T10:27:11","modified_gmt":"2023-05-27T13:27:11","slug":"desde-la-ong-estrellas-amarillas-piden-a-la-provincia-que-adhiera-a-la-ley-de-tolerancia-cero-de-alcohol-al-volante","status":"publish","type":"post","link":"https:\/\/vinasfm.com\/noticias\/desde-la-ong-estrellas-amarillas-piden-a-la-provincia-que-adhiera-a-la-ley-de-tolerancia-cero-de-alcohol-al-volante\/","title":{"rendered":"DESDE LA ONG \u201cESTRELLAS AMARILLAS\u201d PIDEN A LA PROVINCIA QUE ADHIERA A LA LEY DE TOLERANCIA CERO DE ALCOHOL AL VOLANTE"},"content":{"rendered":"<p><strong>Finalmente, en el Congreso de la Naci\u00f3n, se sancion\u00f3 la ley de tolerancia cero referida al consumo de alcohol cuando se conducen veh\u00edculos. Nuestra provincia anunci\u00f3 que no adherir\u00eda a la norma y continuar\u00eda vigente la actual, que contempla un permitido de 0.5 de alcohol en sangre al momento en que se efect\u00faa la medici\u00f3n. Sin embargo, familiares de v\u00edctimas de accidentes de tr\u00e1nsito est\u00e1n reclamando que nuestra provincia adhiera a la ley nacional. <\/strong><\/p>\n<p>Carina Quevedo, referente de \u201cEstrellas Amarillas\u201d en Mendoza dialog\u00f3 al respecto, <em><strong>\u201cla ley se sancion\u00f3 el 1\u00b0 de abril y tiene aplicaci\u00f3n en rutas nacionales, no as\u00ed en las provinciales, arterias urbanas, y caminos secundarios. El gobernador de Mendoza ya hab\u00eda tenido reuniones con las industrias vitivin\u00edcolas y gastron\u00f3micas, llegando a un acuerdo porque entienden que la ley de tolerancia cero tal vez producir\u00eda que se venda menos vino, lo cual no es as\u00ed. Cuando hay accidentes de tr\u00e1nsito el vino est\u00e1 muy poco presente, pero si otras bebidas. Nosotros presentamos una nota que fue recibida el martes en casa de gobierno en la que solicitamos al gobernador que se adhiera a esta ley nacional, porque es un derecho que tenemos todos los argentinos y no queremos que en Mendoza nos quiten la posibilidad de hacer justicia. La nota fue presentada y recibida, aunque no por el gobernador, pero se tramit\u00f3 un expediente que pasar\u00e1 a la C\u00e1mara de Senadores de la provincia para ser tratada\u201d.<\/strong><\/em><\/p>\n<p>La Agencia Nacional de Seguridad Vial <strong><em>\u201ctiene la potestad de realizar controles en todas las rutas nacionales del pa\u00eds, y si hacen una multa, cuando esta llegue al ciudadano al no estar adherida la provincia a la aplicaci\u00f3n de la ley nacional, la persona no tendr\u00eda que pagarla, y esto sucede solamente en Mendoza y no en el resto del pa\u00eds. Nosotros hemos presentado la ley de tolerancia cero tres veces en la provincia, en la segunda oportunidad el gobernador era el se\u00f1or Cornejo y \u00e9l a las setenta y dos horas sancion\u00f3 el endurecimiento de penas transform\u00e1ndose en la provincia que tiene las multas m\u00e1s altas del pa\u00eds. Ese endurecimiento de penas delega a los municipios la facultad de retener veh\u00edculos, sacar multas, crear sus propias playas de retenci\u00f3n y llegado el caso subastar esos veh\u00edculos porque la gente no puede las alt\u00edsimas multas. Es as\u00ed como los ciudadanos de alto poder adquisitivo normalmente pagan la multa, y vuelven a conducir con alcohol en sangre. Esto no lo hace el ciudadano com\u00fan por una cuesti\u00f3n de poder adquisitivo, y entonces los veh\u00edculos se subastan. Esa es en definitiva la situaci\u00f3n que se produce con el endurecimiento de penas. Cuando nosotros presentamos la ley de alcohol cero, el gobernador Cornejo decidi\u00f3 endurecer las multas. Nosotros le dijimos que no era lo conveniente, y eso lo demuestra el \u00e1rea del gran Mendoza donde muchas personas han decidido andar en bicicleta o en moto porque les han quitado sus veh\u00edculos\u201d.<\/em><\/strong><\/p>\n<p>Contrariamente a lo que se dice respecto a que los accidentes no han disminuido con alcohol cero, Quevedo dice que<em><strong> \u201cs\u00ed, han disminuido. Es una falacia decir lo contrario, pero resulta que en Mendoza no tenemos estad\u00edsticas porque el Observatorio Vial de la provincia, que deber\u00eda cumplir esa funci\u00f3n, no la cumple\u201d.<\/strong><\/em><\/p>\n","protected":false},"excerpt":{"rendered":"<p>Finalmente, en el Congreso de la Naci\u00f3n, se sancion\u00f3 la ley de tolerancia cero referida al consumo de alcohol cuando se &#8230;<\/p>\n","protected":false},"author":7,"featured_media":122435,"comment_status":"open","ping_status":"open","sticky":false,"template":"","format":"standard","meta":{"footnotes":""},"categories":[5,10],"tags":[],"class_list":["post-122434","post","type-post","status-publish","format-standard","has-post-thumbnail","hentry","category-actualidad","category-destacadas"],"_links":{"self":[{"href":"https:\/\/vinasfm.com\/noticias\/wp-json\/wp\/v2\/posts\/122434","targetHints":{"allow":["GET"]}}],"collection":[{"href":"https:\/\/vinasfm.com\/noticias\/wp-json\/wp\/v2\/posts"}],"about":[{"href":"https:\/\/vinasfm.com\/noticias\/wp-json\/wp\/v2\/types\/post"}],"author":[{"embeddable":true,"href":"https:\/\/vinasfm.com\/noticias\/wp-json\/wp\/v2\/users\/7"}],"replies":[{"embeddable":true,"href":"https:\/\/vinasfm.com\/noticias\/wp-json\/wp\/v2\/comments?post=122434"}],"version-history":[{"count":1,"href":"https:\/\/vinasfm.com\/noticias\/wp-json\/wp\/v2\/posts\/122434\/revisions"}],"predecessor-version":[{"id":122436,"href":"https:\/\/vinasfm.com\/noticias\/wp-json\/wp\/v2\/posts\/122434\/revisions\/122436"}],"wp:featuredmedia":[{"embeddable":true,"href":"https:\/\/vinasfm.com\/noticias\/wp-json\/wp\/v2\/media\/122435"}],"wp:attachment":[{"href":"https:\/\/vinasfm.com\/noticias\/wp-json\/wp\/v2\/media?parent=122434"}],"wp:term":[{"taxonomy":"category","embeddable":true,"href":"https:\/\/vinasfm.com\/noticias\/wp-json\/wp\/v2\/categories?post=122434"},{"taxonomy":"post_tag","embeddable":true,"href":"https:\/\/vinasfm.com\/noticias\/wp-json\/wp\/v2\/tags?post=122434"}],"curies":[{"name":"wp","href":"https:\/\/api.w.org\/{rel}","templated":true}]}}