{"id":122430,"date":"2023-05-26T09:43:26","date_gmt":"2023-05-26T12:43:26","guid":{"rendered":"https:\/\/vinasfm.com\/noticias\/?p=122430"},"modified":"2023-05-29T10:36:15","modified_gmt":"2023-05-29T13:36:15","slug":"se-puso-en-marcha-el-sexto-regional-femenino-de-maxi-basquet","status":"publish","type":"post","link":"https:\/\/vinasfm.com\/noticias\/se-puso-en-marcha-el-sexto-regional-femenino-de-maxi-basquet\/","title":{"rendered":"FINALIZ\u00d3 CON GRAN \u00c9XITO EL SEXTO REGIONAL FEMENINO DE MAXI BASQUET"},"content":{"rendered":"<h4><strong>El Polideportivo Deportistas Alvearenses comenz\u00f3 el feriado largo con el nuevo regional de Maxi B\u00e1squet con m\u00e1s 200 jugadoras de diferentes provincias\u00a0<\/strong><\/h4>\n<p>En el acto inaugural les dio la bienvenida el intendente de nuestra comuna, Walther Marcolini:<em><strong> &#8216;queremos decirle que estamos felices de recibirlos una vez m\u00e1s porque todos los tipos de torneos que llegan a este polideportivo ayudan a desarrollar nuestro turismo en el departamento, nos dan la posibilidad de que nos visibilicen, pero tambi\u00e9n nos dan la posibilidad de tener este contacto con la Federaci\u00f3n. Le agradecemos enormemente a la Federaci\u00f3n el apoyo a la Comisi\u00f3n Organizadora de Maxi Basquet de General Alvear, y como lo importante son las pol\u00edticas p\u00fablicas a largo plazo y en el tema deportivo esencial, esperamos que en alg\u00fan momento, el a\u00f1o pr\u00f3ximo, un torneo argentino pueda realizarse ac\u00e1&#8217;<\/strong><\/em><\/p>\n<p>Luego de la palabra del Intendente, una de las referentes de la agrupaci\u00f3n de B\u00e1squet, Mariana Fern\u00e1ndez, agradeci\u00f3 al municipio y delegaciones por ser parte de este nuevo torneo que se realizara hasta el fin de semana: <em><strong>&#8216;El material principal es agradecer a todas las delegaciones que han venido, a cada una de las jugadoras que nos han visitado, que sabemos el esfuerzo que hacemos para estar en cada torneo que tenemos que disputar, un enorme agradecimiento a todas mis compa\u00f1eras, la comisi\u00f3n organizadora, las jugadoras del Maxi Alvear, que hemos crecido tanto en estos a\u00f1os, y es tan lindo verlas todas ah\u00ed, disfrutando, teniendo hoy todas las categor\u00edas que tenemos&#8217;<\/strong><\/em><\/p>\n<p>As\u00ed mismo el Director de Deportes, Jorge P\u00e1ez, agrego: <em><strong>&#8216;agradecerles por estar ac\u00e1 a todas las chicas que vienen de afuera, las verdaderas protagonistas de este evento, nosotros desde la Direcci\u00f3n de Deporte, desde la Municipalidad, somos simples colaboradores, es lo mejor que podemos hacer y es un trabajo de todos. Trabajemos en conjunto, que apostemos al camino del deporte. Y por \u00faltimo, les voy a contar que las puertas est\u00e1n abiertas para todo este tipo de proyectos nosotros vamos a colaborar queremos seguir mejorando y ahora tenemos un gran paso en muy poquitos d\u00edas vamos a cambiar las luces del polideportivo&#8217;<\/strong><\/em><\/p>\n<h6>Lucero, L.<\/h6>\n","protected":false},"excerpt":{"rendered":"<p>El Polideportivo Deportistas Alvearenses comenz\u00f3 el feriado largo con el nuevo regional de Maxi B\u00e1squet con m\u00e1s 200 jugadoras de diferentes &#8230;<\/p>\n","protected":false},"author":7,"featured_media":122431,"comment_status":"open","ping_status":"open","sticky":false,"template":"","format":"standard","meta":{"footnotes":""},"categories":[5,3],"tags":[],"class_list":["post-122430","post","type-post","status-publish","format-standard","has-post-thumbnail","hentry","category-actualidad","category-deportes"],"_links":{"self":[{"href":"https:\/\/vinasfm.com\/noticias\/wp-json\/wp\/v2\/posts\/122430","targetHints":{"allow":["GET"]}}],"collection":[{"href":"https:\/\/vinasfm.com\/noticias\/wp-json\/wp\/v2\/posts"}],"about":[{"href":"https:\/\/vinasfm.com\/noticias\/wp-json\/wp\/v2\/types\/post"}],"author":[{"embeddable":true,"href":"https:\/\/vinasfm.com\/noticias\/wp-json\/wp\/v2\/users\/7"}],"replies":[{"embeddable":true,"href":"https:\/\/vinasfm.com\/noticias\/wp-json\/wp\/v2\/comments?post=122430"}],"version-history":[{"count":3,"href":"https:\/\/vinasfm.com\/noticias\/wp-json\/wp\/v2\/posts\/122430\/revisions"}],"predecessor-version":[{"id":122544,"href":"https:\/\/vinasfm.com\/noticias\/wp-json\/wp\/v2\/posts\/122430\/revisions\/122544"}],"wp:featuredmedia":[{"embeddable":true,"href":"https:\/\/vinasfm.com\/noticias\/wp-json\/wp\/v2\/media\/122431"}],"wp:attachment":[{"href":"https:\/\/vinasfm.com\/noticias\/wp-json\/wp\/v2\/media?parent=122430"}],"wp:term":[{"taxonomy":"category","embeddable":true,"href":"https:\/\/vinasfm.com\/noticias\/wp-json\/wp\/v2\/categories?post=122430"},{"taxonomy":"post_tag","embeddable":true,"href":"https:\/\/vinasfm.com\/noticias\/wp-json\/wp\/v2\/tags?post=122430"}],"curies":[{"name":"wp","href":"https:\/\/api.w.org\/{rel}","templated":true}]}}