{"id":122427,"date":"2023-05-26T09:09:52","date_gmt":"2023-05-26T12:09:52","guid":{"rendered":"https:\/\/vinasfm.com\/noticias\/?p=122427"},"modified":"2023-05-27T09:55:25","modified_gmt":"2023-05-27T12:55:25","slug":"cornejo-la-patria-somos-todos-los-que-queremos-progresar","status":"publish","type":"post","link":"https:\/\/vinasfm.com\/noticias\/cornejo-la-patria-somos-todos-los-que-queremos-progresar\/","title":{"rendered":"CORNEJO: \u00abLA PATRIA SOMOS TODOS LOS QUE QUEREMOS PROGRESAR\u00bb"},"content":{"rendered":"<p><strong>En el coraz\u00f3n del barrio San Carlos, Alfredo Cornejo estall\u00f3 contra el acto que encabez\u00f3 CFK en Plaza de Mayo. Adem\u00e1s se refiri\u00f3 a la pol\u00edtica local y destac\u00f3 la figura de Molero.<\/strong><\/p>\n<p>El senador nacional se encontr\u00f3 en el departamento disfrutando del locro tradicional del 25 de mayo, celebrando el d\u00eda patrio y acompa\u00f1ando al precandidato a intendente Alejandro Molero. En el marco de la campa\u00f1a electoral se refiri\u00f3 al acto que realiz\u00f3 la vicepresidenta Cristina Fern\u00e1ndez de Kirchner en Plaza de Mayo, <strong><em>\u00ablamentablemente yo tengo una opini\u00f3n sobre el kirchnerismo muy dura, consecuente de todos estos \u00faltimos a\u00f1os, los derechos humanos deber\u00edan ser de todos y se apropian como bandera la independencia del pa\u00eds, se apropian la bandera de la independencia y lo hacen parcial de una sola fracci\u00f3n\u00bb.<\/em><\/strong><\/p>\n<p>Luego continu\u00f3 mostrando su desacuerdo con el evento, <strong><em>\u00abcreo que no es un acto patrio, es un acto de una parcialidad de la Argentina, muy respetable por supuesto, como cualquier otra, pero no es la patria. La patria somos todos los que queremos el trabajo, la producci\u00f3n, lo que queremos que la gente progrese por su m\u00e9rito, por su esfuerzo, que garanticemos un umbral m\u00ednimo de igualdad de oportunidades pero que a partir de all\u00ed cada uno progrese por su esfuerzo\u00bb.\u00a0<\/em><\/strong><\/p>\n<h2>Su\u00e1rez para vicepresidente<\/h2>\n<p>El jueves patrio, el actual Gobernador de la provincia expres\u00f3 que le gustar\u00eda ser vicepresidente, sobre ello Cornejo expres\u00f3;<strong><em> \u00abPara nosotros es un orgullo que se piense en \u00e9l, en una figura destacada de nuestro equipo y fundamentalmente del actual gobernador. Yo creo que hoy por hoy estamos muy concentrados y \u00e9l en tratar de darle continuidad a este proyecto, corregir las cosas que no est\u00e9n del todo bien, profundizar las que se hayan hecho bien y entrar en una nueva etapa de Mendoza, una nueva etapa con nuevos desaf\u00edos\u00bb. <\/em><\/strong><\/p>\n<p>Adem\u00e1s destac\u00f3 que ser\u00eda de gran importancia para la provincia su presencia en el Gobierno Nacional, <strong><em>\u00abYo veo a los dirigentes pol\u00edticos en l\u00edneas generales m\u00e1s preocupados en sus carreras pol\u00edticas que en los proyectos, me parece una b\u00fasqueda del poder por el poder mismo cuando en realidad el metro cuadrado de cada ciudadano est\u00e1 bastante complicado en l\u00edneas generales. Desde Cambia Mendoza tenemos que contribuir a dar orden, certidumbre, tranquilidad\u00bb.<\/em><\/strong><\/p>\n<h2>Molero para intendente<\/h2>\n<p>Ingresando al \u00e1mbito local, se refiri\u00f3 a la posibilidades de que Alejandro Molero gane las elecciones; <strong><em>\u00abcreo que la gente deber\u00eda votar por \u00e9l ya que est\u00e1 muy preparado para el servicio p\u00fablico y tiene vocaci\u00f3n a pesar de que proviene del sector privado\u00bb. <\/em><\/strong><\/p>\n<p>Tambi\u00e9n opin\u00f3 que Alvear necesita definir exactamente qu\u00e9 quiere, <strong><em>\u00abah\u00ed hay una veta interesant\u00edsima acerca de la ganader\u00eda, acerca de la agricultura, de la horticultura, y Jany tiene proyectos. Alvear puede crecer econ\u00f3micamente y generar mucha actividad privada, que es lo que necesita en estos tiempos\u00bb.<\/em><\/strong><\/p>\n<p>&nbsp;<\/p>\n<h6>Vallejos, G.<\/h6>\n<p>&nbsp;<\/p>\n","protected":false},"excerpt":{"rendered":"<p>En el coraz\u00f3n del barrio San Carlos, Alfredo Cornejo estall\u00f3 contra el acto que encabez\u00f3 CFK en Plaza de Mayo. Adem\u00e1s &#8230;<\/p>\n","protected":false},"author":7,"featured_media":122432,"comment_status":"open","ping_status":"open","sticky":false,"template":"","format":"standard","meta":{"footnotes":""},"categories":[5,7],"tags":[],"class_list":["post-122427","post","type-post","status-publish","format-standard","has-post-thumbnail","hentry","category-actualidad","category-politica"],"_links":{"self":[{"href":"https:\/\/vinasfm.com\/noticias\/wp-json\/wp\/v2\/posts\/122427","targetHints":{"allow":["GET"]}}],"collection":[{"href":"https:\/\/vinasfm.com\/noticias\/wp-json\/wp\/v2\/posts"}],"about":[{"href":"https:\/\/vinasfm.com\/noticias\/wp-json\/wp\/v2\/types\/post"}],"author":[{"embeddable":true,"href":"https:\/\/vinasfm.com\/noticias\/wp-json\/wp\/v2\/users\/7"}],"replies":[{"embeddable":true,"href":"https:\/\/vinasfm.com\/noticias\/wp-json\/wp\/v2\/comments?post=122427"}],"version-history":[{"count":2,"href":"https:\/\/vinasfm.com\/noticias\/wp-json\/wp\/v2\/posts\/122427\/revisions"}],"predecessor-version":[{"id":122433,"href":"https:\/\/vinasfm.com\/noticias\/wp-json\/wp\/v2\/posts\/122427\/revisions\/122433"}],"wp:featuredmedia":[{"embeddable":true,"href":"https:\/\/vinasfm.com\/noticias\/wp-json\/wp\/v2\/media\/122432"}],"wp:attachment":[{"href":"https:\/\/vinasfm.com\/noticias\/wp-json\/wp\/v2\/media?parent=122427"}],"wp:term":[{"taxonomy":"category","embeddable":true,"href":"https:\/\/vinasfm.com\/noticias\/wp-json\/wp\/v2\/categories?post=122427"},{"taxonomy":"post_tag","embeddable":true,"href":"https:\/\/vinasfm.com\/noticias\/wp-json\/wp\/v2\/tags?post=122427"}],"curies":[{"name":"wp","href":"https:\/\/api.w.org\/{rel}","templated":true}]}}