{"id":122417,"date":"2023-05-25T17:14:24","date_gmt":"2023-05-25T20:14:24","guid":{"rendered":"https:\/\/vinasfm.com\/noticias\/?p=122417"},"modified":"2023-05-25T17:16:53","modified_gmt":"2023-05-25T20:16:53","slug":"de-marchi-desde-la-union-mendocina-queremos-volver-a-recuperar-toda-la-potencia-que-la-provincia-hoy-no-tiene","status":"publish","type":"post","link":"https:\/\/vinasfm.com\/noticias\/de-marchi-desde-la-union-mendocina-queremos-volver-a-recuperar-toda-la-potencia-que-la-provincia-hoy-no-tiene\/","title":{"rendered":"DE MARCHI: \u201cDESDE LA UNI\u00d3N MENDOCINA QUEREMOS VOLVER A RECUPERAR TODA LA POTENCIA QUE LA PROVINCIA HOY NO TIENE\u201d"},"content":{"rendered":"<p><strong>El precandidato a Gobernador por La Uni\u00f3n Mendocina particip\u00f3 de los tradicionales festejos patrios en el Sur provincial.<\/strong><\/p>\n<p>Durante el mediod\u00eda de este jueves, Omar De Marchi, particip\u00f3 del tradicional \u201cBaile del Peric\u00f3n Nacional\u201d en la Villa 25 de Mayo, en el marco de los festejos por 213\u00b0 aniversario del primer gobierno patrio.<\/p>\n<p><em><strong>\u201cVinimos a la Villa 25 de Mayo a celebrar un nuevo cumplea\u00f1os de la patria. Pero sobre todas las cosas, a rememorar esos sue\u00f1os, expectativas y fuerzas de aquellos argentinos de aquellos a\u00f1os que imaginaban un pa\u00eds potente, que hay que volver a construir\u201d<\/strong><\/em>, expres\u00f3 Omar De Marchi.<\/p>\n<p>En este sentido agreg\u00f3<em><strong> \u201cnosotros desde La Uni\u00f3n Mendocina queremos volver a recuperar toda la potencia que la provincia no tiene\u201d.<\/strong><\/em><\/p>\n<p>Durante su visita a San Rafael, Omar De Marchi estuvo acompa\u00f1ado por los precandidatos a legisladores provinciales por el 4to distrito, Mart\u00edn Rostand, Jimena Cogo, Antonella Narambuena y Cecilia L\u00f3pez.<\/p>\n","protected":false},"excerpt":{"rendered":"<p>El precandidato a Gobernador por La Uni\u00f3n Mendocina particip\u00f3 de los tradicionales festejos patrios en el Sur provincial. Durante el mediod\u00eda &#8230;<\/p>\n","protected":false},"author":7,"featured_media":122418,"comment_status":"open","ping_status":"open","sticky":false,"template":"","format":"standard","meta":{"footnotes":""},"categories":[1],"tags":[],"class_list":["post-122417","post","type-post","status-publish","format-standard","has-post-thumbnail","hentry","category-fmvinas"],"_links":{"self":[{"href":"https:\/\/vinasfm.com\/noticias\/wp-json\/wp\/v2\/posts\/122417","targetHints":{"allow":["GET"]}}],"collection":[{"href":"https:\/\/vinasfm.com\/noticias\/wp-json\/wp\/v2\/posts"}],"about":[{"href":"https:\/\/vinasfm.com\/noticias\/wp-json\/wp\/v2\/types\/post"}],"author":[{"embeddable":true,"href":"https:\/\/vinasfm.com\/noticias\/wp-json\/wp\/v2\/users\/7"}],"replies":[{"embeddable":true,"href":"https:\/\/vinasfm.com\/noticias\/wp-json\/wp\/v2\/comments?post=122417"}],"version-history":[{"count":2,"href":"https:\/\/vinasfm.com\/noticias\/wp-json\/wp\/v2\/posts\/122417\/revisions"}],"predecessor-version":[{"id":122420,"href":"https:\/\/vinasfm.com\/noticias\/wp-json\/wp\/v2\/posts\/122417\/revisions\/122420"}],"wp:featuredmedia":[{"embeddable":true,"href":"https:\/\/vinasfm.com\/noticias\/wp-json\/wp\/v2\/media\/122418"}],"wp:attachment":[{"href":"https:\/\/vinasfm.com\/noticias\/wp-json\/wp\/v2\/media?parent=122417"}],"wp:term":[{"taxonomy":"category","embeddable":true,"href":"https:\/\/vinasfm.com\/noticias\/wp-json\/wp\/v2\/categories?post=122417"},{"taxonomy":"post_tag","embeddable":true,"href":"https:\/\/vinasfm.com\/noticias\/wp-json\/wp\/v2\/tags?post=122417"}],"curies":[{"name":"wp","href":"https:\/\/api.w.org\/{rel}","templated":true}]}}