{"id":122405,"date":"2023-05-25T16:58:38","date_gmt":"2023-05-25T19:58:38","guid":{"rendered":"https:\/\/vinasfm.com\/noticias\/?p=122405"},"modified":"2023-05-26T11:46:38","modified_gmt":"2023-05-26T14:46:38","slug":"en-bowen-se-realizo-el-acto-oficial-por-el-25-de-mayo","status":"publish","type":"post","link":"https:\/\/vinasfm.com\/noticias\/en-bowen-se-realizo-el-acto-oficial-por-el-25-de-mayo\/","title":{"rendered":"BOWEN FUE SEDE DEL ACTO OFICIAL POR EL 25 DE MAYO"},"content":{"rendered":"<p><strong>Funcionarios y distintas personalidades alvearenses se reunieron esta ma\u00f1ana en la Plaza San Mart\u00edn de Bowen, para conmemorar el D\u00eda de la Patria.\u00a0<\/strong><\/p>\n<p>En torno al 25 de mayo, la delegada de Bowen, Eliana Manzano, brind\u00f3 el discurso inicial; <em><strong>\u00abestamos convencidos de que en tiempos de crisis, la solidaridad cotidiana, la responsabilidad de estudiar para ser ciudadanos cr\u00edticos, la de ense\u00f1ar, dar afecto y transmitir a nuestros j\u00f3venes valores podr\u00e1n hacernos hoy, como en aquel 1810, un pueblo m\u00e1s libre\u00bb.<\/strong><\/em><\/p>\n<p><strong><em>\u00abLos actos como el que hoy nos han convocado aqu\u00ed son tambi\u00e9n espacios privilegiados para el encuentro con toda la comunidad, donde expresamos nuestra idea de patriotismo, nuestra idea de pa\u00eds\u00bb<\/em><\/strong>, expres\u00f3 Manzano y continu\u00f3 <strong><em>\u00abcreemos que esta impronta de nuestros pr\u00f3ceres hoy m\u00e1s que nunca debe marcar nuestra historia cotidiana, ya que no hay revoluci\u00f3n posible que cambie este Estado, si no hay un pueblo comprometido en alcanzar ese objetivo\u00bb.<\/em><\/strong><\/p>\n<p>Tambi\u00e9n, dendro de su discurso se refiri\u00f3 a las acciones pol\u00edticas; <strong><em>\u00absabemos que la \u00fanica manera de salir adelante es juntos, trabajando con pol\u00edticas p\u00fablicas, pol\u00edticas activas, buscando inversiones, tarea en la que todos tenemos responsabilidades, para que nos elijan como polo productivo, generando trabajo genuino y sustentable. Los invito a contribuir al bienestar general, como algunos lo hacen inclusive en el m\u00e1s absoluto silencio, comprometi\u00e9ndose con las necesidades y con los sue\u00f1os propios y colectivos. Cometemos errores, s\u00ed, los asumimos e intentamos revertirlos. Pero tambi\u00e9n hemos iniciado un camino superador con proyectos como nunca en su historia tuvo nuestro pueblo\u00bb.<\/em><\/strong><\/p>\n<p>Por ultimo refllexion\u00f3 sobre el tan importante hecho hist\u00f3rico que sucedi\u00f3 aquel 25 de mayo de 1810. <strong><em>\u00abTengo la firme esperanza de que como en aquel 1810 pongamos nuestras banderas en alto y todos juntos, hoy m\u00e1s que nunca, nos pongamos al servicio de nuestra ciudad, haci\u00e9ndonos de todas las oportunidades que se pueden presentar para dejar el pasado, vivir el presente y so\u00f1ar el futuro. Nadie nos va a robar el derecho a so\u00f1ar. Volvamos a sentirnos orgullosos de vivir en esta amada ciudad\u00bb.<\/em><\/strong><\/p>\n<p>El intendente Walther Marcolini tambi\u00e9n estuvo presente en el Acto Oficial y tom\u00f3 la palabra posterior a la delegada de Bowen. <strong><em>\u00abEn esta fecha, debemos invitar a todos a hacer el mayor esfuerzo de formarnos, porque este es un mundo de complejidad, es un mundo en donde no alcanza s\u00f3lo con las buenas intenciones, donde hace falta un profundo conocimiento puesto al servicio del Estado y de la ciudadan\u00eda. Ese es nuestro compromiso, el de quienes asumimos la responsabilidad en un momento hist\u00f3rico. Es lo que se cambi\u00f3 el 22 de mayo de 1810 y se consolid\u00f3 el 25 de mayo con la Primera Junta del Gobierno Patrio, que fue cambiar la representatividad del sistema absolutista espa\u00f1ol a un gobierno republicano\u00bb.<\/em><\/strong><\/p>\n<p>Al igual que Manzano, Marcolini se refiri\u00f3 a la actualidad del pa\u00eds;<strong><em> \u00abvayamos por construir m\u00e1s rep\u00fablicas, mejores instituciones, mejoremos la calidad de nuestra representaci\u00f3n pol\u00edtica y eso es un compromiso de cada uno de nosotros con nuestros aciertos y con nuestros errores, con la b\u00fasqueda del di\u00e1logo para construir una sociedad mejor. Y entonces, sin lugar a dudas, en lugar de que nuestros hijos pretendan irse del pa\u00eds, estar\u00e1n para ponerle el hombro para que este bendito y enorme pa\u00eds que tenemos los argentinos, todos juntos, lo podamos hacer m\u00e1s grande, mejor y como nos lo merecemos\u00bb.<\/em><\/strong><\/p>\n<p>Para finalizar, expres\u00f3 con orgullo y emoci\u00f3n, <strong><em>\u00abque Dios los bendiga y feliz D\u00eda de la Patria\u00bb.<\/em><\/strong><\/p>\n<h6>Vallejos, G.<\/h6>\n","protected":false},"excerpt":{"rendered":"<p>Funcionarios y distintas personalidades alvearenses se reunieron esta ma\u00f1ana en la Plaza San Mart\u00edn de Bowen, para conmemorar el D\u00eda de &#8230;<\/p>\n","protected":false},"author":7,"featured_media":122406,"comment_status":"open","ping_status":"open","sticky":false,"template":"","format":"standard","meta":{"footnotes":""},"categories":[5,10],"tags":[],"class_list":["post-122405","post","type-post","status-publish","format-standard","has-post-thumbnail","hentry","category-actualidad","category-destacadas"],"_links":{"self":[{"href":"https:\/\/vinasfm.com\/noticias\/wp-json\/wp\/v2\/posts\/122405","targetHints":{"allow":["GET"]}}],"collection":[{"href":"https:\/\/vinasfm.com\/noticias\/wp-json\/wp\/v2\/posts"}],"about":[{"href":"https:\/\/vinasfm.com\/noticias\/wp-json\/wp\/v2\/types\/post"}],"author":[{"embeddable":true,"href":"https:\/\/vinasfm.com\/noticias\/wp-json\/wp\/v2\/users\/7"}],"replies":[{"embeddable":true,"href":"https:\/\/vinasfm.com\/noticias\/wp-json\/wp\/v2\/comments?post=122405"}],"version-history":[{"count":5,"href":"https:\/\/vinasfm.com\/noticias\/wp-json\/wp\/v2\/posts\/122405\/revisions"}],"predecessor-version":[{"id":122444,"href":"https:\/\/vinasfm.com\/noticias\/wp-json\/wp\/v2\/posts\/122405\/revisions\/122444"}],"wp:featuredmedia":[{"embeddable":true,"href":"https:\/\/vinasfm.com\/noticias\/wp-json\/wp\/v2\/media\/122406"}],"wp:attachment":[{"href":"https:\/\/vinasfm.com\/noticias\/wp-json\/wp\/v2\/media?parent=122405"}],"wp:term":[{"taxonomy":"category","embeddable":true,"href":"https:\/\/vinasfm.com\/noticias\/wp-json\/wp\/v2\/categories?post=122405"},{"taxonomy":"post_tag","embeddable":true,"href":"https:\/\/vinasfm.com\/noticias\/wp-json\/wp\/v2\/tags?post=122405"}],"curies":[{"name":"wp","href":"https:\/\/api.w.org\/{rel}","templated":true}]}}