{"id":122383,"date":"2023-05-25T10:17:49","date_gmt":"2023-05-25T13:17:49","guid":{"rendered":"https:\/\/vinasfm.com\/noticias\/?p=122383"},"modified":"2023-05-26T09:43:24","modified_gmt":"2023-05-26T12:43:24","slug":"paso-pehuenche-abriria-la-proxima-semana-antes-lo-haria-cristo-rendentor","status":"publish","type":"post","link":"https:\/\/vinasfm.com\/noticias\/paso-pehuenche-abriria-la-proxima-semana-antes-lo-haria-cristo-rendentor\/","title":{"rendered":"PASO PEHUENCHE ABRIR\u00cdA LA PR\u00d3XIMA SEMANA, ANTES LO HAR\u00cdA CRISTO RENDENTOR"},"content":{"rendered":"<h4 class=\"wp-block-heading\">El Ministerio del Interior emiti\u00f3 en la v\u00edspera una comunicaci\u00f3n donde fij\u00f3 probables fechas de apertura de Paso Pehuenche y tambi\u00e9n del Cristo Redentor, para el flujo internacional<\/h4>\n<p>En concreto, respecto al Paso Pehuenche se mantiene el cierre por acumulaci\u00f3n de nieve en sector argentino y chileno. Se espera su apertura durante la pr\u00f3xima semana.<\/p>\n<p>Igual situaci\u00f3n aplica en Pino Hachado, mientras que San Francisco est\u00e1 habilitado para el paso de veh\u00edculos pero se encuentra cerrado por problemas de infraestructura en el Complejo chileno Maricunga.<\/p>\n<p>Cabe aclarar que, seg\u00fan informaci\u00f3n proporcionada en la tarde de ayer por el Centro de frontera Pehuenche de Las Loicas, el turismo interno est\u00e1 habilitado hasta el l\u00edmite internacional, debido al trabajo de despeje de nieve realizado sobre ruta nacional 145, la que se encuentra transitable con precauci\u00f3n.<\/p>\n<p>Asimismo, la Direcci\u00f3n Nacional de Fronteras del Ministerio del Interior advirti\u00f3 sobre inconvenientes en el Sistema Cristo Redentor, dado que si bien el sector argentino se encuentra transitable hasta la localidad de Las Cuevas, en el vecino sector chileno existe acumulaci\u00f3n de nieve que motiv\u00f3 su cierre.<\/p>\n<p>Desde el \u00e1rea dependiente de la Secretar\u00eda de Interior se advirti\u00f3 a los usuarios del Sistema Integrado Cristo Redentor que se esperan tormentas para hoy, jueves 25, por lo que se prev\u00e9 la apertura de dicho centro para ma\u00f1ana o el s\u00e1bado, sujeto a pron\u00f3sticos meteorol\u00f3gicos y al avance de los trabajos de despeje de la calzada.<\/p>\n<p>Por \u00faltimo, seg\u00fan las autoridades de Fronteras, los centros de Agua Negra y Cardenal Samor\u00e9 se encuentran abiertos.<\/p>\n","protected":false},"excerpt":{"rendered":"<p>El Ministerio del Interior emiti\u00f3 en la v\u00edspera una comunicaci\u00f3n donde fij\u00f3 probables fechas de apertura de Paso Pehuenche y tambi\u00e9n &#8230;<\/p>\n","protected":false},"author":7,"featured_media":122386,"comment_status":"open","ping_status":"open","sticky":false,"template":"","format":"standard","meta":{"footnotes":""},"categories":[5,10],"tags":[],"class_list":["post-122383","post","type-post","status-publish","format-standard","has-post-thumbnail","hentry","category-actualidad","category-destacadas"],"_links":{"self":[{"href":"https:\/\/vinasfm.com\/noticias\/wp-json\/wp\/v2\/posts\/122383","targetHints":{"allow":["GET"]}}],"collection":[{"href":"https:\/\/vinasfm.com\/noticias\/wp-json\/wp\/v2\/posts"}],"about":[{"href":"https:\/\/vinasfm.com\/noticias\/wp-json\/wp\/v2\/types\/post"}],"author":[{"embeddable":true,"href":"https:\/\/vinasfm.com\/noticias\/wp-json\/wp\/v2\/users\/7"}],"replies":[{"embeddable":true,"href":"https:\/\/vinasfm.com\/noticias\/wp-json\/wp\/v2\/comments?post=122383"}],"version-history":[{"count":1,"href":"https:\/\/vinasfm.com\/noticias\/wp-json\/wp\/v2\/posts\/122383\/revisions"}],"predecessor-version":[{"id":122387,"href":"https:\/\/vinasfm.com\/noticias\/wp-json\/wp\/v2\/posts\/122383\/revisions\/122387"}],"wp:featuredmedia":[{"embeddable":true,"href":"https:\/\/vinasfm.com\/noticias\/wp-json\/wp\/v2\/media\/122386"}],"wp:attachment":[{"href":"https:\/\/vinasfm.com\/noticias\/wp-json\/wp\/v2\/media?parent=122383"}],"wp:term":[{"taxonomy":"category","embeddable":true,"href":"https:\/\/vinasfm.com\/noticias\/wp-json\/wp\/v2\/categories?post=122383"},{"taxonomy":"post_tag","embeddable":true,"href":"https:\/\/vinasfm.com\/noticias\/wp-json\/wp\/v2\/tags?post=122383"}],"curies":[{"name":"wp","href":"https:\/\/api.w.org\/{rel}","templated":true}]}}