{"id":122317,"date":"2023-05-24T09:41:21","date_gmt":"2023-05-24T12:41:21","guid":{"rendered":"https:\/\/vinasfm.com\/noticias\/?p=122317"},"modified":"2023-05-25T09:18:08","modified_gmt":"2023-05-25T12:18:08","slug":"javier-lopez-tenemos-que-trabajar-mano-a-mano-con-los-ciudadanos","status":"publish","type":"post","link":"https:\/\/vinasfm.com\/noticias\/javier-lopez-tenemos-que-trabajar-mano-a-mano-con-los-ciudadanos\/","title":{"rendered":"JAVIER LOPEZ: \u00abTENEMOS QUE TRABAJAR MANO A MANO CON LOS CIUDADANOS\u00bb"},"content":{"rendered":"<p><strong>A menos de un mes de las PASO los precandidatos contin\u00faan fuertemente con su campa\u00f1a electoral recorriendo cada punto del departamento.\u00a0<\/strong><\/p>\n<p>Javier Lopez, precandidato de la \u00abLista 504 B\u00bb, destac\u00f3 que la ciudadan\u00eda es muy respetuosa y predispuesta al momento de abrirles las puertas. Entre tantas dudas y consultas, Lopez manifest\u00f3 que <em><strong>\u00abhay mucha desinformaci\u00f3n con respecto a c\u00f3mo votar en la boleta \u00fanica, tenemos un alto porcentaje de gente que lo primero que nos pregunta es si llevamos una boleta para poder ense\u00f1arles\u00bb.\u00a0<\/strong><\/em><\/p>\n<p>Adem\u00e1s subray\u00f3 <em><strong>\u00abnos cuentan sus problem\u00e1ticas, las del barrio, las de la regi\u00f3n, y consultan c\u00f3mo vamos a hacer para seguir avanzando en este departamento. Le explicamos nuestra propuesta de pol\u00edtica de desarrollo. Hay un gran descontento por el tema econ\u00f3mico porque nos cuesta a todos llegar a fin de mes, pero ya es un problema macroecon\u00f3mico, no un problema departamental, y por ah\u00ed te preguntan, &#8216;\u00bfy c\u00f3mo se soluciona esto?&#8217; Y esto se va a solucionar con el tiempo y con mucha participaci\u00f3n ciudadana\u00bb<\/strong><\/em>.<\/p>\n<p>En su discurso pol\u00edtico sostiene que los ciudadanos deben ocupar los espacios de poder para generar un cambio en la pol\u00edtica, <strong><em>\u00abpor eso hay que trabajar junto con la gente, de frente pero con el respaldo de los mismos ante los reclamos, por lo que uno tenga que hacer en el beneficio, ante los pedidos, ante lo que haga falta\u00bb.\u00a0<\/em><\/strong><\/p>\n<h2>RECLAMOS DE LOS DOCENTES<\/h2>\n<p>El sector de los trabajadores de la educaci\u00f3n se vio muy golpeado en los \u00faltimos a\u00f1os, ya sea por los efectos del ITEM AULA o por las carencias en el mismo sector. <em><strong>\u00abLa educaci\u00f3n est\u00e1 devastada pr\u00e1cticamente en toda la provincia, es un tema que ya hemos hablado Omar De Marchi<\/strong> <\/em>(precandidato a gobernador)<strong><em> y coincidimos en que los reclamos tienen que salir del departamento hacia la provincia y tienen que volver hacia el departamento las soluciones\u00bb.\u00a0<\/em><\/strong><\/p>\n<p>Lopez reconoci\u00f3 <em><strong>\u00abnos encontramos con que hay escuela que hay maestros que no quieren seguir trabajando, se est\u00e1 perdiendo el docente, eso es un tema para abordarlo r\u00e1pidamente\u00bb<\/strong><\/em> y asegur\u00f3 <strong><em>\u00abestamos convencidos de que Omar va a ser gobernador de la provincia y el primer tema a abordar va a ser justo el tema de la docencia\u00bb. <\/em><\/strong><\/p>\n<h2>SALUD<\/h2>\n<p>La salud es un tema important\u00edsimo ya que los bajos sueldos son causantes de la partida de muchos m\u00e9dicos, por tal motivo el departamento carece de m\u00e9dicos. <em><strong>\u00abHay un mont\u00f3n de cosas para trabajar en conjunto, mi compromiso con respecto a este tema es abordarlo junto con la ciudadan\u00eda porque es la forma de nutrirnos\u00bb.<\/strong><\/em><\/p>\n<h2>BOLETA \u00daNICA<\/h2>\n<p>El precandidato de \u00abLa Uni\u00f3n Mendocina\u00bb volvi\u00f3 a referirse a las dudas en el uso de la Boleta \u00danica e indic\u00f3 <strong><em>\u00abconsidero que el cambio es bueno pero la gente no conoce en totalidad su funcionamiento. Al ser una modalidad nueva es obvio que se necesita una mayo campa\u00f1a de informaci\u00f3n\u00bb.\u00a0\u00a0<\/em><\/strong><\/p>\n<p>&nbsp;<\/p>\n<p>&nbsp;<\/p>\n","protected":false},"excerpt":{"rendered":"<p>A menos de un mes de las PASO los precandidatos contin\u00faan fuertemente con su campa\u00f1a electoral recorriendo cada punto del departamento.\u00a0 &#8230;<\/p>\n","protected":false},"author":7,"featured_media":122326,"comment_status":"open","ping_status":"open","sticky":false,"template":"","format":"standard","meta":{"footnotes":""},"categories":[5,7],"tags":[],"class_list":["post-122317","post","type-post","status-publish","format-standard","has-post-thumbnail","hentry","category-actualidad","category-politica"],"_links":{"self":[{"href":"https:\/\/vinasfm.com\/noticias\/wp-json\/wp\/v2\/posts\/122317","targetHints":{"allow":["GET"]}}],"collection":[{"href":"https:\/\/vinasfm.com\/noticias\/wp-json\/wp\/v2\/posts"}],"about":[{"href":"https:\/\/vinasfm.com\/noticias\/wp-json\/wp\/v2\/types\/post"}],"author":[{"embeddable":true,"href":"https:\/\/vinasfm.com\/noticias\/wp-json\/wp\/v2\/users\/7"}],"replies":[{"embeddable":true,"href":"https:\/\/vinasfm.com\/noticias\/wp-json\/wp\/v2\/comments?post=122317"}],"version-history":[{"count":2,"href":"https:\/\/vinasfm.com\/noticias\/wp-json\/wp\/v2\/posts\/122317\/revisions"}],"predecessor-version":[{"id":122327,"href":"https:\/\/vinasfm.com\/noticias\/wp-json\/wp\/v2\/posts\/122317\/revisions\/122327"}],"wp:featuredmedia":[{"embeddable":true,"href":"https:\/\/vinasfm.com\/noticias\/wp-json\/wp\/v2\/media\/122326"}],"wp:attachment":[{"href":"https:\/\/vinasfm.com\/noticias\/wp-json\/wp\/v2\/media?parent=122317"}],"wp:term":[{"taxonomy":"category","embeddable":true,"href":"https:\/\/vinasfm.com\/noticias\/wp-json\/wp\/v2\/categories?post=122317"},{"taxonomy":"post_tag","embeddable":true,"href":"https:\/\/vinasfm.com\/noticias\/wp-json\/wp\/v2\/tags?post=122317"}],"curies":[{"name":"wp","href":"https:\/\/api.w.org\/{rel}","templated":true}]}}