{"id":122280,"date":"2023-05-23T10:34:19","date_gmt":"2023-05-23T13:34:19","guid":{"rendered":"https:\/\/vinasfm.com\/noticias\/?p=122280"},"modified":"2023-05-24T09:56:43","modified_gmt":"2023-05-24T12:56:43","slug":"rodolfo-suarez-visito-el-sur-y-anuncio-la-extension-del-recuperagro-hasta-agosto","status":"publish","type":"post","link":"https:\/\/vinasfm.com\/noticias\/rodolfo-suarez-visito-el-sur-y-anuncio-la-extension-del-recuperagro-hasta-agosto\/","title":{"rendered":"RODOLFO SUAREZ VISIT\u00d3 EL SUR Y ANUNCI\u00d3 LA EXTENSI\u00d3N DEL RECUPERAGRO HASTA AGOSTO"},"content":{"rendered":"<p><strong>El Gobernador Rodolfo Suarez anunci\u00f3 beneficios para productores agr\u00edcolas de la zona Sur. Lo hizo junto al subsecretario de Industria y Comercio, Alejandro Zlotolow, y a Emilce Vega, titular de la Direcci\u00f3n Territorial de Empleo y Capacitaci\u00f3n.<\/strong><\/p>\n<p>Ante 200 productores de los departamentos de San Rafael y General Alvear, el Gobernador anunci\u00f3 la extensi\u00f3n del programa que brinda asistencia econ\u00f3mica, destinada a micro, peque\u00f1os y medianos productores, trabajadores registrados y personas desocupadas que deseen formarse en dichas actividades.<\/p>\n<p>Al respecto, el Gobernador mencion\u00f3: <em><strong>\u201cEs muy bueno poder anunciar la extensi\u00f3n del programa Recuperagro, que se cre\u00f3 en diciembre de 2022 y, hasta el momento, ha beneficiado a 3.800 personas de 15 departamentos de la provincia, con una inversi\u00f3n que supera los $850 millones. Hemos decidido extender el programa por tres meses m\u00e1s, para poder llegar a m\u00e1s trabajadores\u201d.<\/strong><\/em><\/p>\n<p>Los trabajadores presentes agradecieron al Gobierno provincial por esta extensi\u00f3n y por haber cumplido con lo prometido oportunamente y resaltaron el trabajo articulado por la Provincia, a trav\u00e9s del Ministerio de Econom\u00eda y Energ\u00eda, resaltando la labor del ministro Vaqui\u00e9, el subsecretario Zlotolow y Emilce Vega.<\/p>\n<p>La actividad se realiz\u00f3 durante la ma\u00f1ana de este lunes, como parte de la agenda de Suarez en el Sur mendocino, en Ruta Provincial 171 y calle Los Brasileros de Real del Padre, departamento de San Rafael.<\/p>\n<h2>Acerca del programa<\/h2>\n<p>El programa Recuperagro 1 se cre\u00f3 en diciembre de 2022 y est\u00e1 destinado a la asistencia econ\u00f3mica, para micro, peque\u00f1os y medianos productores, trabajadores registrados y personas desocupadas que deseen formarse en dichas actividades. Se trata de una ayuda equivalente a 60% del salario m\u00ednimo, vital y m\u00f3vil vigente en cada mes de existencia del programa de las actividades laborales productivas afectadas por heladas tard\u00edas durante 2022.<\/p>\n<p>Desde su creaci\u00f3n y hasta la fecha, se ha beneficiado a 3.800 personas, de 15 departamentos de la provincia, por una suma total de $853.230.446.<\/p>\n<p>En San Rafael se han beneficiado a 1.424 personas, con un monto total invertido a la fecha de $321.002.425, y en General Alvear, a 565 personas, con una inversi\u00f3n total de $131.698.644.<\/p>\n<p>Teniendo en cuenta que el programa finalizaba en mayo, se ha decidido prorrogar por tres meses m\u00e1s (junio, julio y agosto) la participaci\u00f3n de los beneficiarios existentes, con una inversi\u00f3n estimada de $641.240.808.<\/p>\n<p>Sumado a lo ya invertido, el monto total estimado en Recuperagro 1 al finalizar agosto de 2023 ser\u00e1 de $1.494.471.254.<\/p>\n","protected":false},"excerpt":{"rendered":"<p>El Gobernador Rodolfo Suarez anunci\u00f3 beneficios para productores agr\u00edcolas de la zona Sur. Lo hizo junto al subsecretario de Industria y &#8230;<\/p>\n","protected":false},"author":7,"featured_media":122281,"comment_status":"open","ping_status":"open","sticky":false,"template":"","format":"standard","meta":{"footnotes":""},"categories":[5,14],"tags":[],"class_list":["post-122280","post","type-post","status-publish","format-standard","has-post-thumbnail","hentry","category-actualidad","category-agro"],"_links":{"self":[{"href":"https:\/\/vinasfm.com\/noticias\/wp-json\/wp\/v2\/posts\/122280","targetHints":{"allow":["GET"]}}],"collection":[{"href":"https:\/\/vinasfm.com\/noticias\/wp-json\/wp\/v2\/posts"}],"about":[{"href":"https:\/\/vinasfm.com\/noticias\/wp-json\/wp\/v2\/types\/post"}],"author":[{"embeddable":true,"href":"https:\/\/vinasfm.com\/noticias\/wp-json\/wp\/v2\/users\/7"}],"replies":[{"embeddable":true,"href":"https:\/\/vinasfm.com\/noticias\/wp-json\/wp\/v2\/comments?post=122280"}],"version-history":[{"count":1,"href":"https:\/\/vinasfm.com\/noticias\/wp-json\/wp\/v2\/posts\/122280\/revisions"}],"predecessor-version":[{"id":122282,"href":"https:\/\/vinasfm.com\/noticias\/wp-json\/wp\/v2\/posts\/122280\/revisions\/122282"}],"wp:featuredmedia":[{"embeddable":true,"href":"https:\/\/vinasfm.com\/noticias\/wp-json\/wp\/v2\/media\/122281"}],"wp:attachment":[{"href":"https:\/\/vinasfm.com\/noticias\/wp-json\/wp\/v2\/media?parent=122280"}],"wp:term":[{"taxonomy":"category","embeddable":true,"href":"https:\/\/vinasfm.com\/noticias\/wp-json\/wp\/v2\/categories?post=122280"},{"taxonomy":"post_tag","embeddable":true,"href":"https:\/\/vinasfm.com\/noticias\/wp-json\/wp\/v2\/tags?post=122280"}],"curies":[{"name":"wp","href":"https:\/\/api.w.org\/{rel}","templated":true}]}}