{"id":122267,"date":"2023-05-23T08:54:00","date_gmt":"2023-05-23T11:54:00","guid":{"rendered":"https:\/\/vinasfm.com\/noticias\/?p=122267"},"modified":"2023-05-23T23:55:24","modified_gmt":"2023-05-24T02:55:24","slug":"una-vez-mas-robaron-una-moto-en-la-via-publica","status":"publish","type":"post","link":"https:\/\/vinasfm.com\/noticias\/una-vez-mas-robaron-una-moto-en-la-via-publica\/","title":{"rendered":"UNA VEZ M\u00c1S, ROBARON UNA MOTO EN LA V\u00cdA P\u00daBLICA"},"content":{"rendered":"<p><strong>El hecho sucedi\u00f3 en la intersecci\u00f3n de calles Liniers y Paso de Los Libres.\u00a0<\/strong><\/p>\n<p>La v\u00edctima denunci\u00f3 en Comisar\u00eda 14\u00b0 que en el d\u00eda de ayer, en horas de la tarde, <em><strong>dej\u00f3 su moto marca Keller 110 cc estacionada en la v\u00eda p\u00fablica con medidas de de seguridad<\/strong><\/em>, en la intersecci\u00f3n de calles Liniers y Paso de Los Libres. Aproximadamente a las 20:30 <em><strong>toma conocimiento por intermedio un vecino que la moto la hab\u00edan sustra\u00eddo personas desconocidas.<\/strong><\/em><\/p>\n","protected":false},"excerpt":{"rendered":"<p>El hecho sucedi\u00f3 en la intersecci\u00f3n de calles Liniers y Paso de Los Libres.\u00a0 La v\u00edctima denunci\u00f3 en Comisar\u00eda 14\u00b0 que &#8230;<\/p>\n","protected":false},"author":7,"featured_media":117843,"comment_status":"open","ping_status":"open","sticky":false,"template":"","format":"standard","meta":{"footnotes":""},"categories":[5,4],"tags":[],"class_list":["post-122267","post","type-post","status-publish","format-standard","has-post-thumbnail","hentry","category-actualidad","category-policiales"],"_links":{"self":[{"href":"https:\/\/vinasfm.com\/noticias\/wp-json\/wp\/v2\/posts\/122267","targetHints":{"allow":["GET"]}}],"collection":[{"href":"https:\/\/vinasfm.com\/noticias\/wp-json\/wp\/v2\/posts"}],"about":[{"href":"https:\/\/vinasfm.com\/noticias\/wp-json\/wp\/v2\/types\/post"}],"author":[{"embeddable":true,"href":"https:\/\/vinasfm.com\/noticias\/wp-json\/wp\/v2\/users\/7"}],"replies":[{"embeddable":true,"href":"https:\/\/vinasfm.com\/noticias\/wp-json\/wp\/v2\/comments?post=122267"}],"version-history":[{"count":1,"href":"https:\/\/vinasfm.com\/noticias\/wp-json\/wp\/v2\/posts\/122267\/revisions"}],"predecessor-version":[{"id":122268,"href":"https:\/\/vinasfm.com\/noticias\/wp-json\/wp\/v2\/posts\/122267\/revisions\/122268"}],"wp:featuredmedia":[{"embeddable":true,"href":"https:\/\/vinasfm.com\/noticias\/wp-json\/wp\/v2\/media\/117843"}],"wp:attachment":[{"href":"https:\/\/vinasfm.com\/noticias\/wp-json\/wp\/v2\/media?parent=122267"}],"wp:term":[{"taxonomy":"category","embeddable":true,"href":"https:\/\/vinasfm.com\/noticias\/wp-json\/wp\/v2\/categories?post=122267"},{"taxonomy":"post_tag","embeddable":true,"href":"https:\/\/vinasfm.com\/noticias\/wp-json\/wp\/v2\/tags?post=122267"}],"curies":[{"name":"wp","href":"https:\/\/api.w.org\/{rel}","templated":true}]}}