{"id":122234,"date":"2023-05-22T11:01:25","date_gmt":"2023-05-22T14:01:25","guid":{"rendered":"https:\/\/vinasfm.com\/noticias\/?p=122234"},"modified":"2023-05-23T10:31:03","modified_gmt":"2023-05-23T13:31:03","slug":"avanzan-los-trabajaos-en-rutas-y-calles-rurales","status":"publish","type":"post","link":"https:\/\/vinasfm.com\/noticias\/avanzan-los-trabajaos-en-rutas-y-calles-rurales\/","title":{"rendered":"AVANZAN LOS TRABAJOS EN RUTAS Y CALLES RURALES"},"content":{"rendered":"<p><b>Los trabajos buscan reacondicionar los caminos que frecuentemente se ven afectados.<\/b><\/p>\n<p>En este momento se est\u00e1 trabajando en la zona de Bowen, sobre Calle 19 hacia el sur, en un trayecto de 1.300 metros que beneficiaran a vecinos que se ve\u00edan afectados por la situaci\u00f3n de la calle. El Consejero de Zona Sur de la Direcci\u00f3n Provincial de Vialidad, V\u00edctor \u00c1lvarez indic\u00f3 <em><strong>\u00abya hemos realizado el riego de imprimaci\u00f3n y esperamos que durante la semana, cuando tengamos disponibilidad de asfalto, podamos realizar la carpeta\u00bb.\u00a0<\/strong><\/em><\/p>\n<p>Tambi\u00e9n se est\u00e1 trabajando sobre la Ruta 151 \u00abLos Huarpes\u00bb, <strong><em>\u00abes un trabajo muy importante, ya estamos incorporando 5.000 m3 de material y se ha hecho un reservorio de agua\u00bb<\/em><\/strong>, explic\u00f3 \u00c1lvarez y agreg\u00f3 <strong><em>\u00abpr\u00f3ximamente tendremos el llamado a licitaci\u00f3n de 7.000 m3 m\u00e1s para que as\u00ed sean transitables los 39km m\u00e1s complicados de la ruta\u00bb.\u00a0<\/em><\/strong><\/p>\n<p><a href=\"http:\/\/vinasfm.com\/noticias\/wp-content\/uploads\/2023\/05\/1c1a2cd4-796d-4eaf-9d5d-45fae3eff870.jpg\"><img loading=\"lazy\" decoding=\"async\" class=\"wp-image-122237 aligncenter\" src=\"http:\/\/vinasfm.com\/noticias\/wp-content\/uploads\/2023\/05\/1c1a2cd4-796d-4eaf-9d5d-45fae3eff870.jpg\" alt=\"\" width=\"500\" height=\"281\" srcset=\"https:\/\/vinasfm.com\/noticias\/wp-content\/uploads\/2023\/05\/1c1a2cd4-796d-4eaf-9d5d-45fae3eff870.jpg 1280w, https:\/\/vinasfm.com\/noticias\/wp-content\/uploads\/2023\/05\/1c1a2cd4-796d-4eaf-9d5d-45fae3eff870-300x169.jpg 300w, https:\/\/vinasfm.com\/noticias\/wp-content\/uploads\/2023\/05\/1c1a2cd4-796d-4eaf-9d5d-45fae3eff870-1024x576.jpg 1024w, https:\/\/vinasfm.com\/noticias\/wp-content\/uploads\/2023\/05\/1c1a2cd4-796d-4eaf-9d5d-45fae3eff870-768x432.jpg 768w, https:\/\/vinasfm.com\/noticias\/wp-content\/uploads\/2023\/05\/1c1a2cd4-796d-4eaf-9d5d-45fae3eff870-750x420.jpg 750w, https:\/\/vinasfm.com\/noticias\/wp-content\/uploads\/2023\/05\/1c1a2cd4-796d-4eaf-9d5d-45fae3eff870-1140x641.jpg 1140w\" sizes=\"auto, (max-width: 500px) 100vw, 500px\" \/><\/a><\/p>\n<p>V\u00edctor \u00c1lvarez tambi\u00e9n se refiri\u00f3 a las nevadas que afectan a las zonas cordilleranas y solicit\u00f3 que si es necesario transitar por las mismas se utilicen las cadenas correspondientes, y de lo posible evitar las mismas rutas.<\/p>\n<p>&nbsp;<\/p>\n","protected":false},"excerpt":{"rendered":"<p>Los trabajos buscan reacondicionar los caminos que frecuentemente se ven afectados. En este momento se est\u00e1 trabajando en la zona de &#8230;<\/p>\n","protected":false},"author":7,"featured_media":122235,"comment_status":"open","ping_status":"open","sticky":false,"template":"","format":"standard","meta":{"footnotes":""},"categories":[5,29],"tags":[],"class_list":["post-122234","post","type-post","status-publish","format-standard","has-post-thumbnail","hentry","category-actualidad","category-obras-y-servicios"],"_links":{"self":[{"href":"https:\/\/vinasfm.com\/noticias\/wp-json\/wp\/v2\/posts\/122234","targetHints":{"allow":["GET"]}}],"collection":[{"href":"https:\/\/vinasfm.com\/noticias\/wp-json\/wp\/v2\/posts"}],"about":[{"href":"https:\/\/vinasfm.com\/noticias\/wp-json\/wp\/v2\/types\/post"}],"author":[{"embeddable":true,"href":"https:\/\/vinasfm.com\/noticias\/wp-json\/wp\/v2\/users\/7"}],"replies":[{"embeddable":true,"href":"https:\/\/vinasfm.com\/noticias\/wp-json\/wp\/v2\/comments?post=122234"}],"version-history":[{"count":2,"href":"https:\/\/vinasfm.com\/noticias\/wp-json\/wp\/v2\/posts\/122234\/revisions"}],"predecessor-version":[{"id":122241,"href":"https:\/\/vinasfm.com\/noticias\/wp-json\/wp\/v2\/posts\/122234\/revisions\/122241"}],"wp:featuredmedia":[{"embeddable":true,"href":"https:\/\/vinasfm.com\/noticias\/wp-json\/wp\/v2\/media\/122235"}],"wp:attachment":[{"href":"https:\/\/vinasfm.com\/noticias\/wp-json\/wp\/v2\/media?parent=122234"}],"wp:term":[{"taxonomy":"category","embeddable":true,"href":"https:\/\/vinasfm.com\/noticias\/wp-json\/wp\/v2\/categories?post=122234"},{"taxonomy":"post_tag","embeddable":true,"href":"https:\/\/vinasfm.com\/noticias\/wp-json\/wp\/v2\/tags?post=122234"}],"curies":[{"name":"wp","href":"https:\/\/api.w.org\/{rel}","templated":true}]}}