{"id":122220,"date":"2023-05-22T12:29:30","date_gmt":"2023-05-22T15:29:30","guid":{"rendered":"https:\/\/vinasfm.com\/noticias\/?p=122220"},"modified":"2023-05-23T11:24:37","modified_gmt":"2023-05-23T14:24:37","slug":"alejandro-molero-sobre-la-situacion-de-los-ciudadanos-hoy-la-sociedad-vive-situaciones-de-mucha-amargura-y-tristeza","status":"publish","type":"post","link":"https:\/\/vinasfm.com\/noticias\/alejandro-molero-sobre-la-situacion-de-los-ciudadanos-hoy-la-sociedad-vive-situaciones-de-mucha-amargura-y-tristeza\/","title":{"rendered":"ALEJANDRO MOLERO SOBRE LA SITUACI\u00d3N DE LOS CIUDADANOS: &#8216;HOY LA SOCIEDAD VIVE SITUACIONES DE MUCHA AMARGURA Y TRISTEZA&#8217;"},"content":{"rendered":"<h4><strong>Con una agenda sumamente ajustada pero tratando de llegar a todos lados Alejandro Molero precandidato a intendente en nuestro departamento se hizo presente una vez m\u00e1s en los micr\u00f3fonos de Vi\u00f1as hablando de todo lo que conlleva esta campa\u00f1a electoral tan importante en nuestro pa\u00eds.<\/strong><\/h4>\n<p>En primer lugar destac\u00f3 la situaci\u00f3n compleja que vivimos todos los argentinos actualmente:<em><strong> &#8216;es una campa\u00f1a complicada hoy la sociedad vive situaciones de mucha amargura y tristeza, de sentir que gane quien gane es lo mismo, esta severa crisis socioecon\u00f3mica que vive la Argentina ha hecho foco en el clima y sensaciones de la gente&#8217;<\/strong><\/em><\/p>\n<p>Luego enfatiz\u00f3 la importancia de estas elecciones: <em><strong>&#8216;somos fundamentales todos en la sociedad no solo los pol\u00edticos, estamos a punto de empezar una nueva historia en nuestro pa\u00eds de poder cambiar la pagina y comenzar a transitar a la gente en otro camino por eso estas elecciones son tan importantes&#8217;<\/strong><\/em><\/p>\n<p>Tambi\u00e9n explico el an\u00e1lisis que se est\u00e1 realizando en cuanto a todos los trabajos que se han hecho en el departamento y provincia:<em><strong> &#8216;nosotros somos continuaci\u00f3n de un gobierno departamental y tambi\u00e9n provincial, estamos haciendo un an\u00e1lisis muy complejo de las cosas que se han hecho y las que van a seguir en marcha que son y ser\u00e1n muy importantes, si en la pol\u00edtica no hay autocritica no hay mejoramiento continuo, esta democracia joven tiene un fuerte aprendizaje, nosotros resaltamos las cosas que se han hecho bien y tenemos mucho para hablar&#8217;<\/strong><\/em><\/p>\n<p>Agreg\u00f3 palabra sobre el camino que tienen por delante:<em><strong> &#8216;somos conscientes que queda un enorme camino por recorrer y muchas cosas por hacer pero tambi\u00e9n cosas que modificar y cambiar por eso en esto nos apoyamos.\u00a0 Entendemos que tenemos una enorme tarea que tiene que ver con recuperar oportunidades&#8217;<\/strong><\/em><\/p>\n<p><em><strong>&#8216;Entendemos que en el agro hay que hacer un aporte profundo y un cambio que tiene que ver con dirigir la producci\u00f3n del departamento hacia la horticultura creemos que tenemos un potencial enorme a partir de la eficiencia del uso del agua, nosotros hablamos de horticultura y seguro dentro de ella el tomate es una de las fortalezas que tiene nuestra zona. Todo lo que hablamos tiene que ver con un programa que ya hemos desarrollado y que tiene el apoyo de quien va a hacer el gobernador de Mendoza, Cornejo&#8217;<\/strong><\/em><\/p>\n<p>Con otros temas por delante tambi\u00e9n se expreso sobre la salud en nuestro pa\u00eds: <strong><em>&#8216;lo que tenemos que hacer con educaci\u00f3n y salud la gente lo reclama ya que todo General Alvear esta complicado, a la gente le cuesta sacar un turno, hemos hecho reuniones con mas de 26 m\u00e9dicos trabajando en todo esto, hay que traer m\u00e9dicos a General Alvear , se van del pa\u00eds porque le pegan mucho mas en Chile&#8217;<\/em><\/strong><\/p>\n<h6>\u00a0Ludmila Lucero<\/h6>\n","protected":false},"excerpt":{"rendered":"<p>Con una agenda sumamente ajustada pero tratando de llegar a todos lados Alejandro Molero precandidato a intendente en nuestro departamento se &#8230;<\/p>\n","protected":false},"author":7,"featured_media":83318,"comment_status":"open","ping_status":"open","sticky":false,"template":"","format":"standard","meta":{"footnotes":""},"categories":[1],"tags":[],"class_list":["post-122220","post","type-post","status-publish","format-standard","has-post-thumbnail","hentry","category-fmvinas"],"_links":{"self":[{"href":"https:\/\/vinasfm.com\/noticias\/wp-json\/wp\/v2\/posts\/122220","targetHints":{"allow":["GET"]}}],"collection":[{"href":"https:\/\/vinasfm.com\/noticias\/wp-json\/wp\/v2\/posts"}],"about":[{"href":"https:\/\/vinasfm.com\/noticias\/wp-json\/wp\/v2\/types\/post"}],"author":[{"embeddable":true,"href":"https:\/\/vinasfm.com\/noticias\/wp-json\/wp\/v2\/users\/7"}],"replies":[{"embeddable":true,"href":"https:\/\/vinasfm.com\/noticias\/wp-json\/wp\/v2\/comments?post=122220"}],"version-history":[{"count":7,"href":"https:\/\/vinasfm.com\/noticias\/wp-json\/wp\/v2\/posts\/122220\/revisions"}],"predecessor-version":[{"id":122288,"href":"https:\/\/vinasfm.com\/noticias\/wp-json\/wp\/v2\/posts\/122220\/revisions\/122288"}],"wp:featuredmedia":[{"embeddable":true,"href":"https:\/\/vinasfm.com\/noticias\/wp-json\/wp\/v2\/media\/83318"}],"wp:attachment":[{"href":"https:\/\/vinasfm.com\/noticias\/wp-json\/wp\/v2\/media?parent=122220"}],"wp:term":[{"taxonomy":"category","embeddable":true,"href":"https:\/\/vinasfm.com\/noticias\/wp-json\/wp\/v2\/categories?post=122220"},{"taxonomy":"post_tag","embeddable":true,"href":"https:\/\/vinasfm.com\/noticias\/wp-json\/wp\/v2\/tags?post=122220"}],"curies":[{"name":"wp","href":"https:\/\/api.w.org\/{rel}","templated":true}]}}