{"id":122204,"date":"2023-05-22T09:03:48","date_gmt":"2023-05-22T12:03:48","guid":{"rendered":"https:\/\/vinasfm.com\/noticias\/?p=122204"},"modified":"2023-05-23T08:46:23","modified_gmt":"2023-05-23T11:46:23","slug":"por-la-nieve-el-paso-no-abriria-hasta-el-jueves-y-los-chilenos-tendran-que-esperar","status":"publish","type":"post","link":"https:\/\/vinasfm.com\/noticias\/por-la-nieve-el-paso-no-abriria-hasta-el-jueves-y-los-chilenos-tendran-que-esperar\/","title":{"rendered":"POR LA NIEVE, EL PASO CRISTO REDENTOR NO ABRIR\u00cdA HASTA EL JUEVES Y LOS CHILENOS TENDR\u00c1N QUE ESPERAR"},"content":{"rendered":"<div class=\"description-boxed\"><strong>Las nevadas no se detendr\u00edan al menos hasta el mi\u00e9rcoles. Hay 200 chilenos varados en la provincia.<\/strong><\/div>\n<div>\n<p>El\u00a0<b>Paso Cristo Redentor<\/b> est\u00e1 cerrado desde las 13.45 de este domingo y seguir\u00eda as\u00ed al menos hasta el domingo, seg\u00fan afirmaron desde la coordinaci\u00f3n operativa del corredor internacional. Debido a esto, cerca de 200\u00a0<b>chilenos<\/b>\u00a0seguir\u00e1n varados en la provincia hasta que se reanude el tr\u00e1nsito, interrumpido por las\u00a0<b>nevadas<\/b>\u00a0que caen en alta monta\u00f1a.<\/p>\n<div class=\"zone zone_interp\">\n<p>La alta afluencia de turistas del vecino pa\u00eds se ve desde hace varias semanas en Mendoza, debido a la conveniencia del cambio. Solo este viernes ingresaron casi 6.500 a la provincia. La mayor\u00eda viene a pasear y a hacer sus compras, muchos regresando el mismo d\u00eda. Pero algunos decidieron quedarse y se encontraron con el cierre del paso.<\/p>\n<p>La medida estaba comunicada desde este s\u00e1bado, y se esperaba para las 15 del domingo, pero finalmente se adelant\u00f3 m\u00e1s de una hora porque el temporal de nieve se adelant\u00f3. Para colmo, a d\u00eda de hoy el pron\u00f3stico del tiempo se\u00f1ala que las\u00a0<b>nevadas<\/b>\u00a0no se interrumpir\u00e1n hasta el mi\u00e9rcoles. Por eso, desde la coordinaci\u00f3n del Paso afirmaron que el mismo seguir\u00e1 cerrado.<\/p>\n<div class=\"zone zone_interp\">En concreto, hasta el jueves no se abrir\u00eda el\u00a0<b>Paso Cristo Redentor.<\/b>\u00a0Sin embargo, su habilitaci\u00f3n podr\u00eda adelantarse en caso de que el pron\u00f3stico mejore.<\/div>\n<div><\/div>\n<div>A los 6.500 <b>chilenos<\/b>\u00a0que ingresaron el viernes se sumaron otros cientos el s\u00e1bado. De entre esos, unos 200 est\u00e1n todav\u00eda en Mendoza, imposibilitados de salir por el cierre del corredor internacional. Y, al parecer, deber\u00e1n esperar al menos unos tres d\u00edas m\u00e1s para poder irse.<\/div>\n<\/div>\n<\/div>\n<div><\/div>\n<h6>Fuente: Mendoza Post<\/h6>\n","protected":false},"excerpt":{"rendered":"<p>Las nevadas no se detendr\u00edan al menos hasta el mi\u00e9rcoles. Hay 200 chilenos varados en la provincia. El\u00a0Paso Cristo Redentor est\u00e1 &#8230;<\/p>\n","protected":false},"author":7,"featured_media":122205,"comment_status":"open","ping_status":"open","sticky":false,"template":"","format":"standard","meta":{"footnotes":""},"categories":[5,10],"tags":[],"class_list":["post-122204","post","type-post","status-publish","format-standard","has-post-thumbnail","hentry","category-actualidad","category-destacadas"],"_links":{"self":[{"href":"https:\/\/vinasfm.com\/noticias\/wp-json\/wp\/v2\/posts\/122204","targetHints":{"allow":["GET"]}}],"collection":[{"href":"https:\/\/vinasfm.com\/noticias\/wp-json\/wp\/v2\/posts"}],"about":[{"href":"https:\/\/vinasfm.com\/noticias\/wp-json\/wp\/v2\/types\/post"}],"author":[{"embeddable":true,"href":"https:\/\/vinasfm.com\/noticias\/wp-json\/wp\/v2\/users\/7"}],"replies":[{"embeddable":true,"href":"https:\/\/vinasfm.com\/noticias\/wp-json\/wp\/v2\/comments?post=122204"}],"version-history":[{"count":2,"href":"https:\/\/vinasfm.com\/noticias\/wp-json\/wp\/v2\/posts\/122204\/revisions"}],"predecessor-version":[{"id":122240,"href":"https:\/\/vinasfm.com\/noticias\/wp-json\/wp\/v2\/posts\/122204\/revisions\/122240"}],"wp:featuredmedia":[{"embeddable":true,"href":"https:\/\/vinasfm.com\/noticias\/wp-json\/wp\/v2\/media\/122205"}],"wp:attachment":[{"href":"https:\/\/vinasfm.com\/noticias\/wp-json\/wp\/v2\/media?parent=122204"}],"wp:term":[{"taxonomy":"category","embeddable":true,"href":"https:\/\/vinasfm.com\/noticias\/wp-json\/wp\/v2\/categories?post=122204"},{"taxonomy":"post_tag","embeddable":true,"href":"https:\/\/vinasfm.com\/noticias\/wp-json\/wp\/v2\/tags?post=122204"}],"curies":[{"name":"wp","href":"https:\/\/api.w.org\/{rel}","templated":true}]}}