{"id":122187,"date":"2023-05-22T10:26:43","date_gmt":"2023-05-22T13:26:43","guid":{"rendered":"https:\/\/vinasfm.com\/noticias\/?p=122187"},"modified":"2023-05-22T22:34:57","modified_gmt":"2023-05-23T01:34:57","slug":"carlos-ponce-sostuvo-que-el-dialogo-es-clave-para-atender-las-necesidades-de-la-sociedad","status":"publish","type":"post","link":"https:\/\/vinasfm.com\/noticias\/carlos-ponce-sostuvo-que-el-dialogo-es-clave-para-atender-las-necesidades-de-la-sociedad\/","title":{"rendered":"CARLOS PONCE SOSTUVO QUE EL DIALOGO ES CLAVE PARA ATENDER LAS NECESIDADES DE LA SOCIEDAD"},"content":{"rendered":"<p><em><b>El candidato a Intendente de la Lista 501 B, Carlos Ponce, dialog\u00f3 con FM. VI\u00d1AS y dio detalles sobre su campa\u00f1a pol\u00edtica.\u00a0<\/b><\/em><\/p>\n<p><em><strong>\u00abHe estado en una introspecci\u00f3n carg\u00e1ndome de positividad y negatividad en algunas cosas porque ciertamente esto de la pol\u00edtica despierta amores y odios, eso es la verdad y realidad. Lo cierto es que yo estaba haciendo una revisi\u00f3n de nuestros objetivos y ejes de gesti\u00f3n para ver si nosotros est\u00e1bamos bien encaminados, tenemos un objetivo claro en cuanto a renovar la pol\u00edtica\u00bb, <\/strong><\/em>expres\u00f3 Ponce<em><strong>.<\/strong><\/em> Su plan de gobierno comprende cuatro ejes claros como desarrollo territorial, crecimiento productivo, fortalecimiento institucional y desarrollo humano.<\/p>\n<p>En cuanto a las diferencias con sus pares, Carlos Ponce indic\u00f3 que la discusi\u00f3n principal debe recaer sobre <em><strong>\u00ablo que nuestro gobierno ha hecho bien y ha hecho mal. Con el recorrido territorial que estoy haciendo junto a Patricia Gim\u00e9nez (candidata a vicegobernadora) se ha puesto en relieve cu\u00e1l es la problem\u00e1tica y todo recae sobre lo mismo &#8216;\u00bfCu\u00e1les son los recursos para mejorar los problemas que se tienen de fondo?'\u00bb.\u00a0<\/strong><\/em><\/p>\n<p>Como es de esperarse el encuentro con los ciudadanos pueden resultar en duros reclamos. <strong><em>\u00abLa verdad que no hemos tenido problemas por el momento Creo que al ser personas nuevas que se involucran en la pol\u00edtica y venir con una impronta empresarial, la gente est\u00e1 dispuesta a escucharnos y eso me pone muy contento\u00bb.\u00a0<\/em><\/strong><\/p>\n<p>Ponce consider\u00f3 que el apoyo de su equipo es clave para poder atender las necesidades de la gente, <em><strong>\u00abuno deber\u00eda tener funcionarios que piensen en todo, por eso es importante el equipo que te acompa\u00f1a, que tenga un posicionamiento correcto para poder tomar las medidas adecuadas\u00bb.<\/strong><\/em><\/p>\n<p>Valeria Mart\u00ednez, precandidata a concejal en tercer termino, se adhiri\u00f3 a lo expresado por Ponce y expres\u00f3 <strong><em>\u00abno se puede gobernar si somos ajenos a la realidad del resto. Adem\u00e1s es necesario estar acompa\u00f1ados por la Provincia porque es la \u00fanica forma de que se brinden respuestas que termines en soluciones\u00bb.\u00a0<\/em><\/strong><\/p>\n<p><strong>PRESENTACI\u00d3N DE PROYECTOS <\/strong><\/p>\n<p>Pr\u00f3ximamente se llevar\u00e1 adelante una presentaci\u00f3n de proyectos del formar\u00e1n parte cada uno de los precandidatos a Intendente de General Alvear. La Concejal Patricia Salice explic\u00f3 que es una <em><strong>\u00abactividad que anteriormente la realiza la \u00abEscuela R\u00edo Atuel\u00bb, despu\u00e9s en el Concejo se plantea esto y surge la idea de poder brindar por lo menos una presentaci\u00f3n del candidato y m\u00ednimamente explicar sus objetivos. Luego tomamos conocimientos de que la C\u00e1mara de Comercio estaba en esta misma idea por lo cual hemos mantenido comunicaciones, para que la sociedad pueda formar parte\u00bb<\/strong><\/em>.<\/p>\n<p>Normalmente este encuentro y presentaci\u00f3n de proyectos de gobiernos se lleva a cabo una vez definidos los candidatos. Esta iniciativa busca que\u00a0 los votantes se involucren m\u00e1s en la actividad pol\u00edtica, los invita a investigar individualmente a los candidatos y poder tomar sus decisiones seg\u00fan consideren que proyectos o candidatos se apegan m\u00e1s a sus necesidades.<\/p>\n<h6>Vallejos, G.<\/h6>\n","protected":false},"excerpt":{"rendered":"<p>El candidato a Intendente de la Lista 501 B, Carlos Ponce, dialog\u00f3 con FM. VI\u00d1AS y dio detalles sobre su campa\u00f1a &#8230;<\/p>\n","protected":false},"author":7,"featured_media":122230,"comment_status":"open","ping_status":"open","sticky":false,"template":"","format":"standard","meta":{"footnotes":""},"categories":[5,7],"tags":[],"class_list":["post-122187","post","type-post","status-publish","format-standard","has-post-thumbnail","hentry","category-actualidad","category-politica"],"_links":{"self":[{"href":"https:\/\/vinasfm.com\/noticias\/wp-json\/wp\/v2\/posts\/122187","targetHints":{"allow":["GET"]}}],"collection":[{"href":"https:\/\/vinasfm.com\/noticias\/wp-json\/wp\/v2\/posts"}],"about":[{"href":"https:\/\/vinasfm.com\/noticias\/wp-json\/wp\/v2\/types\/post"}],"author":[{"embeddable":true,"href":"https:\/\/vinasfm.com\/noticias\/wp-json\/wp\/v2\/users\/7"}],"replies":[{"embeddable":true,"href":"https:\/\/vinasfm.com\/noticias\/wp-json\/wp\/v2\/comments?post=122187"}],"version-history":[{"count":6,"href":"https:\/\/vinasfm.com\/noticias\/wp-json\/wp\/v2\/posts\/122187\/revisions"}],"predecessor-version":[{"id":122257,"href":"https:\/\/vinasfm.com\/noticias\/wp-json\/wp\/v2\/posts\/122187\/revisions\/122257"}],"wp:featuredmedia":[{"embeddable":true,"href":"https:\/\/vinasfm.com\/noticias\/wp-json\/wp\/v2\/media\/122230"}],"wp:attachment":[{"href":"https:\/\/vinasfm.com\/noticias\/wp-json\/wp\/v2\/media?parent=122187"}],"wp:term":[{"taxonomy":"category","embeddable":true,"href":"https:\/\/vinasfm.com\/noticias\/wp-json\/wp\/v2\/categories?post=122187"},{"taxonomy":"post_tag","embeddable":true,"href":"https:\/\/vinasfm.com\/noticias\/wp-json\/wp\/v2\/tags?post=122187"}],"curies":[{"name":"wp","href":"https:\/\/api.w.org\/{rel}","templated":true}]}}