{"id":122155,"date":"2023-05-19T11:26:33","date_gmt":"2023-05-19T14:26:33","guid":{"rendered":"https:\/\/vinasfm.com\/noticias\/?p=122155"},"modified":"2023-05-22T08:49:52","modified_gmt":"2023-05-22T11:49:52","slug":"el-gasoducto-del-sur-avanza-y-empiezan-las-pruebas-finales","status":"publish","type":"post","link":"https:\/\/vinasfm.com\/noticias\/el-gasoducto-del-sur-avanza-y-empiezan-las-pruebas-finales\/","title":{"rendered":"EL GASODUCTO DEL SUR AVANZA Y EMPIEZAN LAS PRUEBAS FINALES"},"content":{"rendered":"<h4 class=\"news-headline__article-summary\">La obra permitir\u00e1 que cerca de 30.000 usuarios puedan acceder a la red de gas natural en San Rafael y General Alvear. Ahora sigue la etapa de pruebas finales<\/h4>\n<article class=\"article-body article-body--first-paragraph\" data-td-script-src=\"https:\/\/www.sitioandino.com.ar\/td\/modulos\/encuestas\/js\/function-embeds-min-version-1661266718.js\"><strong>La obra del\u00a0gasoducto\u00a0que unir\u00e1 San Rafael y General Alvear avanza<\/strong>\u00a0y<strong>\u00a0se termin\u00f3 la colocaci\u00f3n de los ca\u00f1os que hab\u00eda\u00a0comenzado sobre la ruta 143. Esta obra permitir\u00e1 que cerca de 30.000 usuarios puedan acceder a la red de gas natural en estos departamentos del Sur Mendocino.<\/strong><\/article>\n<article class=\"article-body article-body--second-paragraph\">La etapa de colocaci\u00f3n de ca\u00f1os incluy\u00f3 calle Las V\u00edrgenes (en Las Paredes), barrio Docente y la plaza Espa\u00f1a, donde se encuentra la estaci\u00f3n de rebaje.Desde la empresa que ejecuta la obra, anticiparon que\u00a0<strong>ahora siguen las pruebas finales,<\/strong>\u00a0que incluyen testeos hidr\u00e1ulicos y otras acciones para controlar la integridad de la ca\u00f1er\u00eda. M\u00e1s adelante ser\u00e1 el turno de hacer montajes de v\u00e1lvulas e instalaciones de superficie (plantas reguladoras, estaciones de medici\u00f3n y odorizaci\u00f3n del gas, trampas de lanzamiento y scrappers (para introducir herramientas de limpieza a los ductos).<\/p>\n<article class=\"article-body article-body--second-paragraph\"><strong>La fase definitiva ser\u00e1 la interconexi\u00f3n con el gasoducto internacional Gasandes.<\/strong><\/article>\n<article class=\"article-body article-body--third-paragraph\">Miles de nuevas viviendas de San Rafael y General Alvear, durante mucho tiempo no pudieron acceder al gas natural por falta de factibilidad de ese servicio. La obra es ejecutada por el Municipio de San Rafael y adem\u00e1s<strong>\u00a0permitir\u00e1 que empresas e industrias puedan radicarse en ambos departamentos, lo que prev\u00e9 un impulso al desarrollo regional.<\/strong>La obra comenz\u00f3 tras un largo proceso que arranc\u00f3 en el Congreso con Omar F\u00e9lix que gest\u00f3 su incorporaci\u00f3n en el presupuesto nacional, sigui\u00f3 con numerosos viajes del intendente Emir F\u00e9lix a la Secretar\u00eda de Energ\u00eda, donde finalmente consigui\u00f3 los avales necesarios para ponerla en marcha.<\/p>\n<\/article>\n<\/article>\n","protected":false},"excerpt":{"rendered":"<p>La obra permitir\u00e1 que cerca de 30.000 usuarios puedan acceder a la red de gas natural en San Rafael y General &#8230;<\/p>\n","protected":false},"author":7,"featured_media":122159,"comment_status":"open","ping_status":"open","sticky":false,"template":"","format":"standard","meta":{"footnotes":""},"categories":[5,10],"tags":[],"class_list":["post-122155","post","type-post","status-publish","format-standard","has-post-thumbnail","hentry","category-actualidad","category-destacadas"],"_links":{"self":[{"href":"https:\/\/vinasfm.com\/noticias\/wp-json\/wp\/v2\/posts\/122155","targetHints":{"allow":["GET"]}}],"collection":[{"href":"https:\/\/vinasfm.com\/noticias\/wp-json\/wp\/v2\/posts"}],"about":[{"href":"https:\/\/vinasfm.com\/noticias\/wp-json\/wp\/v2\/types\/post"}],"author":[{"embeddable":true,"href":"https:\/\/vinasfm.com\/noticias\/wp-json\/wp\/v2\/users\/7"}],"replies":[{"embeddable":true,"href":"https:\/\/vinasfm.com\/noticias\/wp-json\/wp\/v2\/comments?post=122155"}],"version-history":[{"count":2,"href":"https:\/\/vinasfm.com\/noticias\/wp-json\/wp\/v2\/posts\/122155\/revisions"}],"predecessor-version":[{"id":122200,"href":"https:\/\/vinasfm.com\/noticias\/wp-json\/wp\/v2\/posts\/122155\/revisions\/122200"}],"wp:featuredmedia":[{"embeddable":true,"href":"https:\/\/vinasfm.com\/noticias\/wp-json\/wp\/v2\/media\/122159"}],"wp:attachment":[{"href":"https:\/\/vinasfm.com\/noticias\/wp-json\/wp\/v2\/media?parent=122155"}],"wp:term":[{"taxonomy":"category","embeddable":true,"href":"https:\/\/vinasfm.com\/noticias\/wp-json\/wp\/v2\/categories?post=122155"},{"taxonomy":"post_tag","embeddable":true,"href":"https:\/\/vinasfm.com\/noticias\/wp-json\/wp\/v2\/tags?post=122155"}],"curies":[{"name":"wp","href":"https:\/\/api.w.org\/{rel}","templated":true}]}}