{"id":122070,"date":"2023-05-18T09:16:27","date_gmt":"2023-05-18T12:16:27","guid":{"rendered":"https:\/\/vinasfm.com\/noticias\/?p=122070"},"modified":"2023-05-19T08:52:11","modified_gmt":"2023-05-19T11:52:11","slug":"por-el-contexto-macroeconomico-nacional-el-gobierno-convoca-en-junio-a-paritarias","status":"publish","type":"post","link":"https:\/\/vinasfm.com\/noticias\/por-el-contexto-macroeconomico-nacional-el-gobierno-convoca-en-junio-a-paritarias\/","title":{"rendered":"POR EL CONTEXTO MACROECON\u00d3MICO NACIONAL EL GOBIERNO CONVOCA EN JUNIO A PARITARIAS"},"content":{"rendered":"<h4><strong>As\u00ed lo explico Beatriz Mart\u00ednez subsecretaria de Gesti\u00f3n P\u00fablica y Modernizaci\u00f3n del Estado ya que se adelanta la reapertura de paritarias en la provincia debido a la inflaci\u00f3n y se fijan nuevas fechas para negociaciones salariales a partir del 15 de junio<\/strong><\/h4>\n<p>Beatriz Mart\u00ednez comenz\u00f3 hablando sobre lo que habian acordado los meses anteriores con las paritarias:<em><strong> &#8216;en las mesas de marzo y abril de paritarias hab\u00edamos fijado cl\u00e1usulas de revisi\u00f3n para los meses de junio y julio conforme la evoluci\u00f3n de las variables macroecon\u00f3micas de la inflaci\u00f3n. Si bien esto estaba pactado para hacerse contra la inflaci\u00f3n del mes de mayo, los datos publicados por el INDEC, ya con los datos que hemos conocido en el mes de abril, nos damos cuenta que es importante sentarnos con m\u00e1s tiempo&#8217;<\/strong><\/em><\/p>\n<p>Por este motivo agrego el por que de adelantar paritarias: <em><strong>&#8216;hemos decidido adelantar las mesas de revisi\u00f3n, es decir, no esperar la inflaci\u00f3n de mayo porque ya con los n\u00fameros de abril vemos c\u00f3mo viene el tema, y a su vez, las fechas que hab\u00edamos estipulado que eran a partir del 21 de junio adelantarlas al 15 de junio. Es decir que a partir del d\u00eda 15 de junio los representantes del gobierno de la provincia vamos a estar sentados con los representantes de los gremios para trabajar en propuestas de incremento salarial para todos los agentes estatales&#8217;<\/strong><\/em><\/p>\n","protected":false},"excerpt":{"rendered":"<p>As\u00ed lo explico Beatriz Mart\u00ednez subsecretaria de Gesti\u00f3n P\u00fablica y Modernizaci\u00f3n del Estado ya que se adelanta la reapertura de paritarias &#8230;<\/p>\n","protected":false},"author":7,"featured_media":122071,"comment_status":"open","ping_status":"open","sticky":false,"template":"","format":"standard","meta":{"footnotes":""},"categories":[5,7],"tags":[],"class_list":["post-122070","post","type-post","status-publish","format-standard","has-post-thumbnail","hentry","category-actualidad","category-politica"],"_links":{"self":[{"href":"https:\/\/vinasfm.com\/noticias\/wp-json\/wp\/v2\/posts\/122070","targetHints":{"allow":["GET"]}}],"collection":[{"href":"https:\/\/vinasfm.com\/noticias\/wp-json\/wp\/v2\/posts"}],"about":[{"href":"https:\/\/vinasfm.com\/noticias\/wp-json\/wp\/v2\/types\/post"}],"author":[{"embeddable":true,"href":"https:\/\/vinasfm.com\/noticias\/wp-json\/wp\/v2\/users\/7"}],"replies":[{"embeddable":true,"href":"https:\/\/vinasfm.com\/noticias\/wp-json\/wp\/v2\/comments?post=122070"}],"version-history":[{"count":2,"href":"https:\/\/vinasfm.com\/noticias\/wp-json\/wp\/v2\/posts\/122070\/revisions"}],"predecessor-version":[{"id":122091,"href":"https:\/\/vinasfm.com\/noticias\/wp-json\/wp\/v2\/posts\/122070\/revisions\/122091"}],"wp:featuredmedia":[{"embeddable":true,"href":"https:\/\/vinasfm.com\/noticias\/wp-json\/wp\/v2\/media\/122071"}],"wp:attachment":[{"href":"https:\/\/vinasfm.com\/noticias\/wp-json\/wp\/v2\/media?parent=122070"}],"wp:term":[{"taxonomy":"category","embeddable":true,"href":"https:\/\/vinasfm.com\/noticias\/wp-json\/wp\/v2\/categories?post=122070"},{"taxonomy":"post_tag","embeddable":true,"href":"https:\/\/vinasfm.com\/noticias\/wp-json\/wp\/v2\/tags?post=122070"}],"curies":[{"name":"wp","href":"https:\/\/api.w.org\/{rel}","templated":true}]}}