{"id":122030,"date":"2023-05-17T10:27:08","date_gmt":"2023-05-17T13:27:08","guid":{"rendered":"https:\/\/vinasfm.com\/noticias\/?p=122030"},"modified":"2023-05-17T10:27:08","modified_gmt":"2023-05-17T13:27:08","slug":"el-equipo-de-la-union-mendocina-se-reunio-este-lunes-para-capacitar-sobre-boleta-unica","status":"publish","type":"post","link":"https:\/\/vinasfm.com\/noticias\/el-equipo-de-la-union-mendocina-se-reunio-este-lunes-para-capacitar-sobre-boleta-unica\/","title":{"rendered":"EL EQUIPO DE LA UNI\u00d3N MENDOCINA SE REUNI\u00d3 ESTE LUNES PARA CAPACITAR SOBRE BOLETA \u00daNICA"},"content":{"rendered":"<p><strong>Con la presencia de Omar De Marchi y Daniel Orozco, los equipos t\u00e9cnicos de LAUM dialogaron y capacitaron a referentes departamentales rumbo a las PASO del pr\u00f3ximo 11 de junio.<\/strong><\/p>\n<p>Los precandidatos a Gobernador y Vice re refirieron a la importancia de comprender el nuevo sistema de votaci\u00f3n a trav\u00e9s de la Boleta \u00danica y se repas\u00f3 la experiencia de los 7 municipios que desdoblaron sus elecciones.<\/p>\n<p><strong><em>\u201cEl objetivo del pr\u00f3ximo 11 de junio es ganar en todos los departamentos. Todos\u00a0 debemos contribuir para que eso suceda. Debemos tener una competencia sana entre las listas que tienen interna\u201d<\/em><\/strong>, sostuvo el precandidato a Gobernador.<\/p>\n<p>Adem\u00e1s Omar De Marchi dijo <strong><em>\u201cVeo mucho entusiasmo. Estamos recorriendo toda la provincia. Muchos est\u00e1n apostando por hacerlo distinto y mejor. No hay enemigos en la interna propia. Estamos discutiendo el futuro de transformaci\u00f3n que queremos para la provincia, todos juntos y en equipo\u201d<\/em><\/strong>, concluy\u00f3 Omar De Marchi.<\/p>\n<p>En tanto, Daniel Orozco expres\u00f3<strong><em> \u201cestamos convencidos del rumbo que debe tomar la provincia a partir de las pr\u00f3ximas elecciones y por eso es muy importante que los mendocinos sepan c\u00f3mo vamos a votar\u201d.<\/em><\/strong><\/p>\n<p class=\"normal\"><span lang=\"es\">Por \u00faltimo el precandidato a Vicegobernador por LAUM sostuvo <strong><em>\u201ctenemos que transformar todas esas ganas y empuje en compromiso para fiscalizar la elecci\u00f3n. Estamos hablando del primer paso para transformar Mendoza\u201d<\/em><\/strong>, cerr\u00f3 Daniel Orozco.<\/span><\/p>\n","protected":false},"excerpt":{"rendered":"<p>Con la presencia de Omar De Marchi y Daniel Orozco, los equipos t\u00e9cnicos de LAUM dialogaron y capacitaron a referentes departamentales &#8230;<\/p>\n","protected":false},"author":7,"featured_media":122044,"comment_status":"open","ping_status":"open","sticky":false,"template":"","format":"standard","meta":{"footnotes":""},"categories":[1],"tags":[],"class_list":["post-122030","post","type-post","status-publish","format-standard","has-post-thumbnail","hentry","category-fmvinas"],"_links":{"self":[{"href":"https:\/\/vinasfm.com\/noticias\/wp-json\/wp\/v2\/posts\/122030","targetHints":{"allow":["GET"]}}],"collection":[{"href":"https:\/\/vinasfm.com\/noticias\/wp-json\/wp\/v2\/posts"}],"about":[{"href":"https:\/\/vinasfm.com\/noticias\/wp-json\/wp\/v2\/types\/post"}],"author":[{"embeddable":true,"href":"https:\/\/vinasfm.com\/noticias\/wp-json\/wp\/v2\/users\/7"}],"replies":[{"embeddable":true,"href":"https:\/\/vinasfm.com\/noticias\/wp-json\/wp\/v2\/comments?post=122030"}],"version-history":[{"count":1,"href":"https:\/\/vinasfm.com\/noticias\/wp-json\/wp\/v2\/posts\/122030\/revisions"}],"predecessor-version":[{"id":122031,"href":"https:\/\/vinasfm.com\/noticias\/wp-json\/wp\/v2\/posts\/122030\/revisions\/122031"}],"wp:featuredmedia":[{"embeddable":true,"href":"https:\/\/vinasfm.com\/noticias\/wp-json\/wp\/v2\/media\/122044"}],"wp:attachment":[{"href":"https:\/\/vinasfm.com\/noticias\/wp-json\/wp\/v2\/media?parent=122030"}],"wp:term":[{"taxonomy":"category","embeddable":true,"href":"https:\/\/vinasfm.com\/noticias\/wp-json\/wp\/v2\/categories?post=122030"},{"taxonomy":"post_tag","embeddable":true,"href":"https:\/\/vinasfm.com\/noticias\/wp-json\/wp\/v2\/tags?post=122030"}],"curies":[{"name":"wp","href":"https:\/\/api.w.org\/{rel}","templated":true}]}}