{"id":122020,"date":"2023-05-17T09:20:34","date_gmt":"2023-05-17T12:20:34","guid":{"rendered":"https:\/\/vinasfm.com\/noticias\/?p=122020"},"modified":"2023-05-17T12:58:09","modified_gmt":"2023-05-17T15:58:09","slug":"llega-otro-encuentro-deportivo-de-escuelas-rurales","status":"publish","type":"post","link":"https:\/\/vinasfm.com\/noticias\/llega-otro-encuentro-deportivo-de-escuelas-rurales\/","title":{"rendered":"LLEGA OTRO ENCUENTRO DEPORTIVO DE ESCUELAS RURALES"},"content":{"rendered":"<p><strong>Asesor en Gesti\u00f3n Deportiva de la Direcci\u00f3n de Deportes Marcos Sevilla informar\u00e1 acerca del Encuentro de Escuelas Rurales.<\/strong><\/p>\n<p>Es la quinta edici\u00f3n del proyecto educativo &#8216;Compartencias desde la Ruralidad&#8217;, donde intervienen distintas instituciones con el fin de lograr diversas actividades con escuelas de diferentes zonas rurales. <strong><em>\u00abEn este proyecto participan aproximadamente 60 alumnos, con una gran asistencia de las zonas rurales del departamento, y 15 profesores aproximadamente\u00bb<\/em><\/strong>, indic\u00f3 Sevilla y agreg\u00f3 <em><strong>\u00abtambi\u00e9n asisten celadores haciendo su gran tarea\u00bb. <\/strong><\/em><\/p>\n<p>Los grupos llegaran este mi\u00e9rcoles, cerca de las 11:00h, al polideportivo en donde se alojaran. <strong><em>\u00abEstamos muy contentos porque es una actividad que los chicos disfrutan mucho, adem\u00e1s van a recorrer diferentes puntos como bodegas, invernaderos, algunas escuelas, el &#8216;Cine Teatro Antonio Lafalla&#8217; y obviamente contaran con muchas actividades\u00bb<\/em><\/strong>, expres\u00f3 el Asesor en Gesti\u00f3n Deportiva .<\/p>\n<p>El d\u00eda jueves, como parte de las actividades diagramadas, se desarrolla un subproyecto llamado &#8216;Todos Juegan\u00bb, en donde se espera la asistencia de m\u00e1s de mil chicos. <strong><em>\u00abEn esta actividad juegan a trav\u00e9s de diferentes actividades recreativas con un fin educativo y sociocultural\u00bb.\u00a0<\/em><\/strong><\/p>\n<p>Del gran encuentro formar\u00e1n parte Escuelas Albergues de Canalejas, La Mora y Punta del Agua. Sevilla reconoci\u00f3 que <strong><em>\u00absi no fuera por este proyecto tal vez algunos chicos no llegan a visitar algunos puntos del departamento, por eso es tan importante realizar actividades similares a lo largo del a\u00f1o\u00bb.<\/em><\/strong><\/p>\n<p>&nbsp;<\/p>\n","protected":false},"excerpt":{"rendered":"<p>Asesor en Gesti\u00f3n Deportiva de la Direcci\u00f3n de Deportes Marcos Sevilla informar\u00e1 acerca del Encuentro de Escuelas Rurales. Es la quinta &#8230;<\/p>\n","protected":false},"author":7,"featured_media":16987,"comment_status":"open","ping_status":"open","sticky":false,"template":"","format":"standard","meta":{"footnotes":""},"categories":[5,3],"tags":[],"class_list":["post-122020","post","type-post","status-publish","format-standard","has-post-thumbnail","hentry","category-actualidad","category-deportes"],"_links":{"self":[{"href":"https:\/\/vinasfm.com\/noticias\/wp-json\/wp\/v2\/posts\/122020","targetHints":{"allow":["GET"]}}],"collection":[{"href":"https:\/\/vinasfm.com\/noticias\/wp-json\/wp\/v2\/posts"}],"about":[{"href":"https:\/\/vinasfm.com\/noticias\/wp-json\/wp\/v2\/types\/post"}],"author":[{"embeddable":true,"href":"https:\/\/vinasfm.com\/noticias\/wp-json\/wp\/v2\/users\/7"}],"replies":[{"embeddable":true,"href":"https:\/\/vinasfm.com\/noticias\/wp-json\/wp\/v2\/comments?post=122020"}],"version-history":[{"count":2,"href":"https:\/\/vinasfm.com\/noticias\/wp-json\/wp\/v2\/posts\/122020\/revisions"}],"predecessor-version":[{"id":122026,"href":"https:\/\/vinasfm.com\/noticias\/wp-json\/wp\/v2\/posts\/122020\/revisions\/122026"}],"wp:featuredmedia":[{"embeddable":true,"href":"https:\/\/vinasfm.com\/noticias\/wp-json\/wp\/v2\/media\/16987"}],"wp:attachment":[{"href":"https:\/\/vinasfm.com\/noticias\/wp-json\/wp\/v2\/media?parent=122020"}],"wp:term":[{"taxonomy":"category","embeddable":true,"href":"https:\/\/vinasfm.com\/noticias\/wp-json\/wp\/v2\/categories?post=122020"},{"taxonomy":"post_tag","embeddable":true,"href":"https:\/\/vinasfm.com\/noticias\/wp-json\/wp\/v2\/tags?post=122020"}],"curies":[{"name":"wp","href":"https:\/\/api.w.org\/{rel}","templated":true}]}}