{"id":122006,"date":"2023-05-16T10:13:52","date_gmt":"2023-05-16T13:13:52","guid":{"rendered":"https:\/\/vinasfm.com\/noticias\/?p=122006"},"modified":"2023-05-17T10:19:15","modified_gmt":"2023-05-17T13:19:15","slug":"se-puso-en-marcha-el-nodo-tecnologico-de-ugacoop","status":"publish","type":"post","link":"https:\/\/vinasfm.com\/noticias\/se-puso-en-marcha-el-nodo-tecnologico-de-ugacoop\/","title":{"rendered":"SE PUSO EN MARCHA EL NODO TECNOL\u00d3GICO DE UGACOOP"},"content":{"rendered":"<p><strong>Con 25 equipos de \u00faltima generaci\u00f3n, el Nodo Tecnol\u00f3gico abri\u00f3 sus puertas. De esta manera la ciencia, la tecnolog\u00eda y la educaci\u00f3n se ponen al servicio del desarrollo departamental.<\/strong><\/p>\n<p>El intendente Walther Marcolini inaugur\u00f3 el Nodo Tecnol\u00f3gico de UGACOOP, un punto clave para el desarrollo de empresas innovadoras, donde las empresas 4.0 deben ser determinantes para el futuro del departamento y la Provincia:<strong><em> \u201cEs un gran paso que damos, esto es pensar la articulaci\u00f3n del Estado, lo acad\u00e9mico y el sector privado, tres pilares fundamentales para el desarrollo central, ya que hace que el desarrollo se pueda producir efectivamente. Esto est\u00e1 pensado para todos, pero especialmente para aquellos j\u00f3venes que son nativos digitales, que hoy est\u00e1n muy vinculados a la creaci\u00f3n de industrias nuevas\u201d.<\/em><\/strong><\/p>\n<p>El Director de Innovaci\u00f3n y Desarrollo Econ\u00f3mico en el Gobierno de Mendoza, Federico Morabito, se hizo presente para la inauguraci\u00f3n de este importante espacio en nuestro departamento, destacando la importancia del proceso y la visi\u00f3n que hicieron posible este Nodo Tecnol\u00f3gico:<em><strong> \u201cLa visi\u00f3n del Municipio es clara, y eso nos pone muy contentos porque es lo que traer\u00e1 valor agregado y ser\u00e1 un espacio de vinculaci\u00f3n, tanto para los j\u00f3venes que se vengan a formar, los emprendedores y las empresas, lo que generar\u00e1 una gran sinergia y un impacto positivo para todas las empresas. El desaf\u00edo es entender que la innovaci\u00f3n, la transformaci\u00f3n digital y todo lo que sea formaci\u00f3n de capital humano y talento, es transversal a toda la cadena de valor\u201d.<\/strong><\/em><\/p>\n<p><a href=\"http:\/\/vinasfm.com\/noticias\/wp-content\/uploads\/2023\/05\/Inauguracion-Nodo-Tecnologico-8-scaled.jpg\"><img loading=\"lazy\" decoding=\"async\" class=\"wp-image-122040 aligncenter\" src=\"http:\/\/vinasfm.com\/noticias\/wp-content\/uploads\/2023\/05\/Inauguracion-Nodo-Tecnologico-8-scaled.jpg\" alt=\"\" width=\"501\" height=\"334\" srcset=\"https:\/\/vinasfm.com\/noticias\/wp-content\/uploads\/2023\/05\/Inauguracion-Nodo-Tecnologico-8-scaled.jpg 2560w, https:\/\/vinasfm.com\/noticias\/wp-content\/uploads\/2023\/05\/Inauguracion-Nodo-Tecnologico-8-300x200.jpg 300w, https:\/\/vinasfm.com\/noticias\/wp-content\/uploads\/2023\/05\/Inauguracion-Nodo-Tecnologico-8-1024x684.jpg 1024w, https:\/\/vinasfm.com\/noticias\/wp-content\/uploads\/2023\/05\/Inauguracion-Nodo-Tecnologico-8-768x513.jpg 768w, https:\/\/vinasfm.com\/noticias\/wp-content\/uploads\/2023\/05\/Inauguracion-Nodo-Tecnologico-8-1536x1025.jpg 1536w, https:\/\/vinasfm.com\/noticias\/wp-content\/uploads\/2023\/05\/Inauguracion-Nodo-Tecnologico-8-2048x1367.jpg 2048w\" sizes=\"auto, (max-width: 501px) 100vw, 501px\" \/><\/a><\/p>\n<p>&nbsp;<\/p>\n<p>Este Nodo funcionar\u00e1 como incubadora de ideas, y cuenta con 25 equipos de alt\u00edsima generaci\u00f3n, y requiri\u00f3 una inversi\u00f3n de 20 millones de pesos aproximadamente, de los cuales 4,5 millones fueron aportados por la Naci\u00f3n a trav\u00e9s de la Subsecretar\u00eda de Econom\u00eda y Conocimiento, 6 millones a trav\u00e9s del Consejo de UGACOOP, y el resto fue aportado por el Municipio de General Alvear.<\/p>\n<p>La Subsecretaria de Desarrollo y Promoci\u00f3n departamental, Carina Lucero manifest\u00f3: <strong><em>\u201cEs un espacio pensado de manera tripartita para trabajar desde el sector p\u00fablico, lo privado y acad\u00e9mico. Este Nodo es un espacio de poco m\u00e1s de 90mts2, con 25 equipos de \u00faltima generaci\u00f3n, conexi\u00f3n de fibra, y todo el equipamiento necesario que toda empresa necesita en su fase de incubaci\u00f3n\u201d<\/em><\/strong>. Este espacio busca ser\u00a0 un faro en el desarrollo de la econom\u00eda del conocimiento en nuestro departamento, es una gran herramienta para retener el talento joven y generar valor.<\/p>\n<p><a href=\"http:\/\/vinasfm.com\/noticias\/wp-content\/uploads\/2023\/05\/Inauguracion-Nodo-Tecnologico-2-scaled.jpg\"><img loading=\"lazy\" decoding=\"async\" class=\"alignnone wp-image-122041\" src=\"http:\/\/vinasfm.com\/noticias\/wp-content\/uploads\/2023\/05\/Inauguracion-Nodo-Tecnologico-2-scaled.jpg\" alt=\"\" width=\"350\" height=\"234\" srcset=\"https:\/\/vinasfm.com\/noticias\/wp-content\/uploads\/2023\/05\/Inauguracion-Nodo-Tecnologico-2-scaled.jpg 2560w, https:\/\/vinasfm.com\/noticias\/wp-content\/uploads\/2023\/05\/Inauguracion-Nodo-Tecnologico-2-300x200.jpg 300w, https:\/\/vinasfm.com\/noticias\/wp-content\/uploads\/2023\/05\/Inauguracion-Nodo-Tecnologico-2-1024x684.jpg 1024w, https:\/\/vinasfm.com\/noticias\/wp-content\/uploads\/2023\/05\/Inauguracion-Nodo-Tecnologico-2-768x513.jpg 768w, https:\/\/vinasfm.com\/noticias\/wp-content\/uploads\/2023\/05\/Inauguracion-Nodo-Tecnologico-2-1536x1025.jpg 1536w, https:\/\/vinasfm.com\/noticias\/wp-content\/uploads\/2023\/05\/Inauguracion-Nodo-Tecnologico-2-2048x1367.jpg 2048w\" sizes=\"auto, (max-width: 350px) 100vw, 350px\" \/><\/a> <a href=\"http:\/\/vinasfm.com\/noticias\/wp-content\/uploads\/2023\/05\/Inauguracion-Nodo-Tecnologico-1-scaled.jpg\"><img loading=\"lazy\" decoding=\"async\" class=\"alignnone wp-image-122042\" src=\"http:\/\/vinasfm.com\/noticias\/wp-content\/uploads\/2023\/05\/Inauguracion-Nodo-Tecnologico-1-scaled.jpg\" alt=\"\" width=\"350\" height=\"234\" srcset=\"https:\/\/vinasfm.com\/noticias\/wp-content\/uploads\/2023\/05\/Inauguracion-Nodo-Tecnologico-1-scaled.jpg 2560w, https:\/\/vinasfm.com\/noticias\/wp-content\/uploads\/2023\/05\/Inauguracion-Nodo-Tecnologico-1-300x200.jpg 300w, https:\/\/vinasfm.com\/noticias\/wp-content\/uploads\/2023\/05\/Inauguracion-Nodo-Tecnologico-1-1024x684.jpg 1024w, https:\/\/vinasfm.com\/noticias\/wp-content\/uploads\/2023\/05\/Inauguracion-Nodo-Tecnologico-1-768x513.jpg 768w, https:\/\/vinasfm.com\/noticias\/wp-content\/uploads\/2023\/05\/Inauguracion-Nodo-Tecnologico-1-1536x1025.jpg 1536w, https:\/\/vinasfm.com\/noticias\/wp-content\/uploads\/2023\/05\/Inauguracion-Nodo-Tecnologico-1-2048x1367.jpg 2048w\" sizes=\"auto, (max-width: 350px) 100vw, 350px\" \/><\/a><\/p>\n<p>El Presidente de la Cooperativa Ugacoop, Horacio Sarsotti, tambi\u00e9n se refiri\u00f3 a esta importante apuesta en la Educaci\u00f3n, Ciencia y Tecnolog\u00eda para el desarrollo: <strong><em>\u201cEstos logros generan un antes y un despu\u00e9s para lo que es UGACOOP, que comenz\u00f3 en el 2005 con la idea de ser una casa de estudios universitaria, hoy por hoy tenemos el invernadero, el laboratorio, y ahora sumamos este nodo tecnol\u00f3gico que va a la vanguardia del conocimiento, en donde se pueden lograr cosas importantes y que est\u00e1 relacionado con todas las empresas productivas del mundo\u201d.<\/em><\/strong><\/p>\n","protected":false},"excerpt":{"rendered":"<p>Con 25 equipos de \u00faltima generaci\u00f3n, el Nodo Tecnol\u00f3gico abri\u00f3 sus puertas. De esta manera la ciencia, la tecnolog\u00eda y la &#8230;<\/p>\n","protected":false},"author":7,"featured_media":122008,"comment_status":"open","ping_status":"open","sticky":false,"template":"","format":"standard","meta":{"footnotes":""},"categories":[5,171],"tags":[],"class_list":["post-122006","post","type-post","status-publish","format-standard","has-post-thumbnail","hentry","category-actualidad","category-tecnologia"],"_links":{"self":[{"href":"https:\/\/vinasfm.com\/noticias\/wp-json\/wp\/v2\/posts\/122006","targetHints":{"allow":["GET"]}}],"collection":[{"href":"https:\/\/vinasfm.com\/noticias\/wp-json\/wp\/v2\/posts"}],"about":[{"href":"https:\/\/vinasfm.com\/noticias\/wp-json\/wp\/v2\/types\/post"}],"author":[{"embeddable":true,"href":"https:\/\/vinasfm.com\/noticias\/wp-json\/wp\/v2\/users\/7"}],"replies":[{"embeddable":true,"href":"https:\/\/vinasfm.com\/noticias\/wp-json\/wp\/v2\/comments?post=122006"}],"version-history":[{"count":3,"href":"https:\/\/vinasfm.com\/noticias\/wp-json\/wp\/v2\/posts\/122006\/revisions"}],"predecessor-version":[{"id":122043,"href":"https:\/\/vinasfm.com\/noticias\/wp-json\/wp\/v2\/posts\/122006\/revisions\/122043"}],"wp:featuredmedia":[{"embeddable":true,"href":"https:\/\/vinasfm.com\/noticias\/wp-json\/wp\/v2\/media\/122008"}],"wp:attachment":[{"href":"https:\/\/vinasfm.com\/noticias\/wp-json\/wp\/v2\/media?parent=122006"}],"wp:term":[{"taxonomy":"category","embeddable":true,"href":"https:\/\/vinasfm.com\/noticias\/wp-json\/wp\/v2\/categories?post=122006"},{"taxonomy":"post_tag","embeddable":true,"href":"https:\/\/vinasfm.com\/noticias\/wp-json\/wp\/v2\/tags?post=122006"}],"curies":[{"name":"wp","href":"https:\/\/api.w.org\/{rel}","templated":true}]}}