{"id":121828,"date":"2023-05-10T08:05:40","date_gmt":"2023-05-10T11:05:40","guid":{"rendered":"https:\/\/vinasfm.com\/noticias\/?p=121828"},"modified":"2023-05-10T12:10:17","modified_gmt":"2023-05-10T15:10:17","slug":"durante-el-almuerzo-oficial-de-la-fiesta-nacional-de-la-ganaderia-cecsagal-y-la-unsl-firmaron-un-acta-que-apuesta-a-la-educacion-en-la-region","status":"publish","type":"post","link":"https:\/\/vinasfm.com\/noticias\/durante-el-almuerzo-oficial-de-la-fiesta-nacional-de-la-ganaderia-cecsagal-y-la-unsl-firmaron-un-acta-que-apuesta-a-la-educacion-en-la-region\/","title":{"rendered":"DURANTE EL ALMUERZO OFICIAL DE LA FIESTA NACIONAL DE LA GANADER\u00cdA, CECSAGAL Y LA UNSL FIRMARON UN ACTA QUE APUESTA A LA EDUCACI\u00d3N EN LA REGI\u00d3N."},"content":{"rendered":"<p dir=\"ltr\"><strong>La Cooperativa Cecsagal y la Universidad Nacional de San Luis concretaron la firma simb\u00f3lica de un Acta Complementaria &#8211; Carta de Intenci\u00f3n, de la Licenciatura en An\u00e1lisis y Gesti\u00f3n de Datos y Diplomaturas de Extensi\u00f3n. La r\u00fabrica se concret\u00f3 en el marco de la Fiesta Nacional de la Ganader\u00eda.<\/strong><\/p>\n<p dir=\"ltr\">De la firma participaron el Presidente de Cecsagal H\u00e9ctor Ambrosini, el Secretario del Consejo de Administraci\u00f3n N\u00e9stor S\u00e1nchez, el Vicepresidente de Cecsagal Gustavo Rubio, el Vicerrector de la UNSL Mgter. H\u00e9ctor Flores, el Secretario de Log\u00edstica y Servicios Profesor Guillermo Lenex, el Secretario de Extensi\u00f3n Universitaria de la UNSL Dr. Manuel Castillo y la Asesora Responsable de Convenios-Secretaria General Prof. Diana Caviedes.<\/p>\n<p dir=\"ltr\">Mediante este convenio, la Universidad Nacional de San Luis y la Cooperativa Cecsagal, llevar\u00e1n a cabo actividades de cooperaci\u00f3n mutua e intercambio rec\u00edproco de informaci\u00f3n cient\u00edfica, tecnol\u00f3gica, desarrollo de nuevos conocimientos, creaci\u00f3n y aplicaci\u00f3n de nuevas tecnolog\u00edas\u00a0 y emprendimientos en todos los campos en que desarrollan sus actividades. De esta manera, la Cooperativa El\u00e9ctrica Cecsagal, ratifica su compromiso con la educaci\u00f3n y el desarrollo de la regi\u00f3n, brindando espacios de capacitaci\u00f3n gratuita y constituyendo innovadores trayectos de formaci\u00f3n, destinados a la capacitaci\u00f3n, actualizaci\u00f3n y\/o perfeccionamiento en un \u00e1rea espec\u00edfica o determinada.<\/p>\n<p dir=\"ltr\"><img decoding=\"async\" class=\"aligncenter\" src=\"https:\/\/previews-tu.wetransfer.net\/file\/wetransfer\/j1ot\/6e808beac0aa2778aa08f5be64720a5d20230510103122\/hl-9345891684?width=512&amp;height=512&amp;source=storm&amp;origin=transfer&amp;url=https%3A%2F%2Fstorm-us-east-1.wetransfer.net%2Ffiles%2FeyJfcmFpbHMiOnsibWVzc2FnZSI6IkJBaHNLd2dqZmlRc0FnQT0iLCJleHAiOm51bGwsInB1ciI6ImludGVybmFsX2ZpbGVfZG93bmxvYWQifX0--be71e743a405cce365139ef478e705c053f0cbea32a2826cd3f4c296a25e625f%3Ftoken%3DeyJhbGciOiJIUzI1NiJ9.eyJzdG9ybS5zZmUiOiJleUpmY21GcGJITWlPbnNpYldWemMyRm5aU0k2SWtKQmFITkxkMmRxWm1sUmMwRm5RVDBpTENKbGVIQWlPbTUxYkd3c0luQjFjaUk2SW1sdWRHVnlibUZzWDJacGJHVmZaRzkzYm14dllXUWlmWDAtLWJlNzFlNzQzYTQwNWNjZTM2NTEzOWVmNDc4ZTcwNWMwNTNmMGNiZWEzMmEyODI2Y2QzZjRjMjk2YTI1ZTYyNWYiLCJleHAiOjE2ODM3MjAyNDYsImlhdCI6MTY4MzcxNjY0Niwia2lkIjoiRnIzciJ9.ysLsfnJWty4xXTHIbw9svh0MQ08HacVN0b9ZJaz5nOk&amp;s=4927a058c9a7c5943a47530ebe558602a3181c76&amp;Expires=1683720246&amp;Signature=G1C4M7QsiPlWANue1aCHNrC9TbZ1ja3gpIOmW-Yvx43Uvci52YGg~ckpI3OHmouoTzcNpjZPm4AInk0Nq5PuPEq7jlikUG1xd190BEg7tBK9Cdd90SOVVzZrpyDFhS3gPPBO854ZQeFNS-4KHXgGEKhxupHymMot6-JELObMC7xgpBTUiJhcNsCC6-Ibms~XIhh0zvfVU~blCmQof-CyFntWcqxh7SV3nuy~Cva2SLCcWTA7W4rlnwWJHgkrRU3Th7h2qxKlAMICWdJQmV28hkK~x9ULjJTwtJRRGEhw6Tg5L2dYXEbqgKNTLjGcKseRgEH4OuYESCA1i6FfrtZ1pg__&amp;Key-Pair-Id=APKAIRLQFERKGUWFG7GQ\" \/><\/p>\n<p dir=\"ltr\"><strong><em>\u00bbTras un largo periodo de trabajo, se firm\u00f3 un anexo del Convenio Marco que ya se hab\u00eda firmado con la Universidad de San Luis, que tuvo que ver con el comienzo de la Licenciatura en An\u00e1lisis y Gesti\u00f3n de Datos, y el ingreso efectivo de aquellas personas que ya est\u00e1n cursando dicha Licenciatura\u00bb<\/em><\/strong> expres\u00f3 el Gerente Carlos Gonz\u00e1lez, quien destac\u00f3 el inter\u00e9s que suscit\u00f3 el arribo de esta carrera de grado a la regi\u00f3n, con m\u00e1s de 250 pre inscriptos y m\u00e1s de 80 j\u00f3venes de la regi\u00f3n que finalmente pudieron cumplir con los requisitos de ingreso.<\/p>\n<p dir=\"ltr\">Este convenio, adem\u00e1s, trae aparejada la llegada de dos diplomaturas: por un lado Lineamientos espec\u00edficos para el abordaje de la Planta Cannabis Sativa L y sus usos terap\u00e9uticos dentro de la normativa vigente; y por otro Decisiones Financieras en el \u00e1mbito personal y familiar. Ambas son de car\u00e1cter gratuito y con cupo limitado, por ello en los pr\u00f3ximos d\u00edas la Cooperativa abrir\u00e1 una preinscripci\u00f3n para todos los interesados en el cursado.<\/p>\n<p dir=\"ltr\"><strong><em>\u00bbEn el caso de la Diplomatura sobre la planta de Cannabis Sativa L y su uso medicinal, que ya se est\u00e1 utilizando en algunos lugares, buscamos dar un puntapi\u00e9 inicial en la zona respecto a esto y sumarlo a otras actividades que tienen que ver con esto, tiene una carga horaria de 120 horas c\u00e1tedras. Por otro lado, se va a dictar otra diplomatura dedicada a las Decisiones Financieras en el \u00e1mbito personal y familiar, que tiene una carga de 30 horas c\u00e1tedra\u00bb<\/em><\/strong> coment\u00f3 Gonz\u00e1lez, quien adem\u00e1s asegur\u00f3 que:<em><strong> \u00bbCreemos que esto va a sumar mucho a la comunidad, ya que es seguir apostando a los j\u00f3venes, y no tan j\u00f3venes. Pero estamos m\u00e1s que convencidos que el trabajo conjunto con la Universidad Nacional de San Luis va a seguir creciendo, siempre comprometidos por el crecimiento de la regi\u00f3n\u00bb.<\/strong><\/em><\/p>\n","protected":false},"excerpt":{"rendered":"<p>La Cooperativa Cecsagal y la Universidad Nacional de San Luis concretaron la firma simb\u00f3lica de un Acta Complementaria &#8211; Carta de &#8230;<\/p>\n","protected":false},"author":7,"featured_media":121829,"comment_status":"open","ping_status":"open","sticky":false,"template":"","format":"standard","meta":{"footnotes":""},"categories":[5,60],"tags":[],"class_list":["post-121828","post","type-post","status-publish","format-standard","has-post-thumbnail","hentry","category-actualidad","category-cecsagal"],"_links":{"self":[{"href":"https:\/\/vinasfm.com\/noticias\/wp-json\/wp\/v2\/posts\/121828","targetHints":{"allow":["GET"]}}],"collection":[{"href":"https:\/\/vinasfm.com\/noticias\/wp-json\/wp\/v2\/posts"}],"about":[{"href":"https:\/\/vinasfm.com\/noticias\/wp-json\/wp\/v2\/types\/post"}],"author":[{"embeddable":true,"href":"https:\/\/vinasfm.com\/noticias\/wp-json\/wp\/v2\/users\/7"}],"replies":[{"embeddable":true,"href":"https:\/\/vinasfm.com\/noticias\/wp-json\/wp\/v2\/comments?post=121828"}],"version-history":[{"count":1,"href":"https:\/\/vinasfm.com\/noticias\/wp-json\/wp\/v2\/posts\/121828\/revisions"}],"predecessor-version":[{"id":121830,"href":"https:\/\/vinasfm.com\/noticias\/wp-json\/wp\/v2\/posts\/121828\/revisions\/121830"}],"wp:featuredmedia":[{"embeddable":true,"href":"https:\/\/vinasfm.com\/noticias\/wp-json\/wp\/v2\/media\/121829"}],"wp:attachment":[{"href":"https:\/\/vinasfm.com\/noticias\/wp-json\/wp\/v2\/media?parent=121828"}],"wp:term":[{"taxonomy":"category","embeddable":true,"href":"https:\/\/vinasfm.com\/noticias\/wp-json\/wp\/v2\/categories?post=121828"},{"taxonomy":"post_tag","embeddable":true,"href":"https:\/\/vinasfm.com\/noticias\/wp-json\/wp\/v2\/tags?post=121828"}],"curies":[{"name":"wp","href":"https:\/\/api.w.org\/{rel}","templated":true}]}}