{"id":121823,"date":"2023-05-09T09:30:05","date_gmt":"2023-05-09T12:30:05","guid":{"rendered":"https:\/\/vinasfm.com\/noticias\/?p=121823"},"modified":"2023-05-10T08:11:06","modified_gmt":"2023-05-10T11:11:06","slug":"el-presidente-de-la-especifica-de-ganaderia-realizo-un-balance-sobre-el-remate-de-la-fiesta-nacional-de-la-ganaderia","status":"publish","type":"post","link":"https:\/\/vinasfm.com\/noticias\/el-presidente-de-la-especifica-de-ganaderia-realizo-un-balance-sobre-el-remate-de-la-fiesta-nacional-de-la-ganaderia\/","title":{"rendered":"EL PRESIDENTE DE LA ESPEC\u00cdFICA DE GANADER\u00cdA REALIZ\u00d3 UN BALANCE SOBRE EL REMATE DE LA FIESTA NACIONAL DE LA GANADER\u00cdA"},"content":{"rendered":"<p><strong>El pasado viernes se llev\u00f3 a cabo el tradicional\u00a0remate\u00a0de m\u00e1s de 2.200 cabezas entre terneros y vaquillonas.<\/strong><\/p>\n<p>Ramiro Labay expres\u00f3 que <strong><em>\u00aba veces tenemos expectativas de que exista un reajuste en el precio del ternero, pero siempre se va postergando y no se llega a los que esperamos\u00bb.<\/em><\/strong> Los precios bajos rondaron los $550 el kilo en pie, casi sin aumentos desde el a\u00f1o pasado.<\/p>\n<p>Pese a los bajos precios, el presidente de la Espec\u00edfica de Ganader\u00eda destac\u00f3<b> \u00abla gran calidad de la hacienda\u00bb y remarc\u00f3 que \u00abno hay nada que envidiarle a ninguna zona productora del pa\u00eds, eso se ve reflejado todos los a\u00f1os y el pr\u00f3ximo a\u00f1o esperamos tener mejor calidad\u00bb.<\/b><\/p>\n<p>El remate de la hacienda se extendi\u00f3 hasta largas horas de la tarde con espectadores que se sumaron a presenciar la din\u00e1mica. <strong><em>\u00abNosotros lo vemos como algo cotidiano, pero es sorprendente como las personas se acercan a ver para conocer y aprender. Hay que destacar la amplitud de este evento que permite integrar a todos\u00bb<\/em><\/strong>, sum\u00f3 Ramiro Labay.<\/p>\n<p>&nbsp;<\/p>\n<p>&nbsp;<\/p>\n","protected":false},"excerpt":{"rendered":"<p>El pasado viernes se llev\u00f3 a cabo el tradicional\u00a0remate\u00a0de m\u00e1s de 2.200 cabezas entre terneros y vaquillonas. Ramiro Labay expres\u00f3 que &#8230;<\/p>\n","protected":false},"author":7,"featured_media":121824,"comment_status":"open","ping_status":"open","sticky":false,"template":"","format":"standard","meta":{"footnotes":""},"categories":[5,24],"tags":[],"class_list":["post-121823","post","type-post","status-publish","format-standard","has-post-thumbnail","hentry","category-actualidad","category-ganaderia"],"_links":{"self":[{"href":"https:\/\/vinasfm.com\/noticias\/wp-json\/wp\/v2\/posts\/121823","targetHints":{"allow":["GET"]}}],"collection":[{"href":"https:\/\/vinasfm.com\/noticias\/wp-json\/wp\/v2\/posts"}],"about":[{"href":"https:\/\/vinasfm.com\/noticias\/wp-json\/wp\/v2\/types\/post"}],"author":[{"embeddable":true,"href":"https:\/\/vinasfm.com\/noticias\/wp-json\/wp\/v2\/users\/7"}],"replies":[{"embeddable":true,"href":"https:\/\/vinasfm.com\/noticias\/wp-json\/wp\/v2\/comments?post=121823"}],"version-history":[{"count":1,"href":"https:\/\/vinasfm.com\/noticias\/wp-json\/wp\/v2\/posts\/121823\/revisions"}],"predecessor-version":[{"id":121825,"href":"https:\/\/vinasfm.com\/noticias\/wp-json\/wp\/v2\/posts\/121823\/revisions\/121825"}],"wp:featuredmedia":[{"embeddable":true,"href":"https:\/\/vinasfm.com\/noticias\/wp-json\/wp\/v2\/media\/121824"}],"wp:attachment":[{"href":"https:\/\/vinasfm.com\/noticias\/wp-json\/wp\/v2\/media?parent=121823"}],"wp:term":[{"taxonomy":"category","embeddable":true,"href":"https:\/\/vinasfm.com\/noticias\/wp-json\/wp\/v2\/categories?post=121823"},{"taxonomy":"post_tag","embeddable":true,"href":"https:\/\/vinasfm.com\/noticias\/wp-json\/wp\/v2\/tags?post=121823"}],"curies":[{"name":"wp","href":"https:\/\/api.w.org\/{rel}","templated":true}]}}