{"id":121625,"date":"2023-05-04T09:47:23","date_gmt":"2023-05-04T12:47:23","guid":{"rendered":"https:\/\/vinasfm.com\/noticias\/?p=121625"},"modified":"2023-05-05T08:46:30","modified_gmt":"2023-05-05T11:46:30","slug":"damian-carbo-sobre-la-actualidad-ganadera-tenemos-muchas-esperanzas-tanto-en-lo-economico-como-en-lo-productivo","status":"publish","type":"post","link":"https:\/\/vinasfm.com\/noticias\/damian-carbo-sobre-la-actualidad-ganadera-tenemos-muchas-esperanzas-tanto-en-lo-economico-como-en-lo-productivo\/","title":{"rendered":"DAMIAN CARB\u00d3 SOBRE LA ACTUALIDAD GANADERA: \u00abTENEMOS MUCHAS ESPERANZAS TANTO EN LO ECON\u00d3MICO COMO EN LO PRODUCTIVO\u00bb"},"content":{"rendered":"<p><strong>Presente en la inauguraci\u00f3n de la 42\u00b0 Fiesta Nacional de la Ganader\u00eda de Zonas \u00c1ridas, el Director de Ganader\u00eda Provincial dio detalles de la actualidad productiva en el sector ganadero.<\/strong><\/p>\n<p><em><strong>\u00abGracias a Dios me ha tocado estar desde la primera edici\u00f3n y la he visto crecer\u00bb<\/strong><\/em> expres\u00f3 Carb\u00f3 y subray\u00f3<strong><em> \u00abno hay que perder el objetivo de esta fiesta que es dar a conocer la ganader\u00eda a todo el pa\u00eds, hoy somos un lugar productor que llega a muchas zonas y es fruto del esfuerzo y la capacitaci\u00f3n que se realiza en el marco de esta fiesta\u00bb.\u00a0<\/em><\/strong><\/p>\n<p>Desde la actividad del gobierno, Carb\u00f3 explic\u00f3 que <strong><em>\u00abla ganader\u00eda est\u00e1 regida pol\u00edticamente por un plan estrat\u00e9gico ganadero realizado con el Cluster Ganadero. Las pol\u00edticas ganaderas tienen una l\u00f3gica que siguen al plan estrat\u00e9gico\u00a0 y este a\u00f1o lo estamos actualizando por medios de 4 foros con el objetivo de ver si es necesario modificarlo y seguir proyectando\u00bb.\u00a0<\/em><\/strong><\/p>\n<p>Por otro lado, Carb\u00f3 explic\u00f3 que dentro de la expo ganadera <strong><em>\u00abse ver\u00e1 reflejado el compromiso de los productores con la calidad pese a los a\u00f1os de sequ\u00eda que arrastramos. En los corrales tendremos una excelente calidad y eso genera expectativas porque el mercado est\u00e1 teniendo una mejor\u00eda en el precio aunque no es optimo\u00bb.\u00a0<\/em><\/strong><\/p>\n<p><strong><em>\u00abTenemos muchas esperanzas tanto en lo econ\u00f3mico como en lo productivo\u00bb<\/em><\/strong>, concluy\u00f3 el Director de Ganader\u00eda Provincial.<\/p>\n","protected":false},"excerpt":{"rendered":"<p>Presente en la inauguraci\u00f3n de la 42\u00b0 Fiesta Nacional de la Ganader\u00eda de Zonas \u00c1ridas, el Director de Ganader\u00eda Provincial dio &#8230;<\/p>\n","protected":false},"author":7,"featured_media":121626,"comment_status":"open","ping_status":"open","sticky":false,"template":"","format":"standard","meta":{"footnotes":""},"categories":[5,24],"tags":[],"class_list":["post-121625","post","type-post","status-publish","format-standard","has-post-thumbnail","hentry","category-actualidad","category-ganaderia"],"_links":{"self":[{"href":"https:\/\/vinasfm.com\/noticias\/wp-json\/wp\/v2\/posts\/121625","targetHints":{"allow":["GET"]}}],"collection":[{"href":"https:\/\/vinasfm.com\/noticias\/wp-json\/wp\/v2\/posts"}],"about":[{"href":"https:\/\/vinasfm.com\/noticias\/wp-json\/wp\/v2\/types\/post"}],"author":[{"embeddable":true,"href":"https:\/\/vinasfm.com\/noticias\/wp-json\/wp\/v2\/users\/7"}],"replies":[{"embeddable":true,"href":"https:\/\/vinasfm.com\/noticias\/wp-json\/wp\/v2\/comments?post=121625"}],"version-history":[{"count":4,"href":"https:\/\/vinasfm.com\/noticias\/wp-json\/wp\/v2\/posts\/121625\/revisions"}],"predecessor-version":[{"id":121645,"href":"https:\/\/vinasfm.com\/noticias\/wp-json\/wp\/v2\/posts\/121625\/revisions\/121645"}],"wp:featuredmedia":[{"embeddable":true,"href":"https:\/\/vinasfm.com\/noticias\/wp-json\/wp\/v2\/media\/121626"}],"wp:attachment":[{"href":"https:\/\/vinasfm.com\/noticias\/wp-json\/wp\/v2\/media?parent=121625"}],"wp:term":[{"taxonomy":"category","embeddable":true,"href":"https:\/\/vinasfm.com\/noticias\/wp-json\/wp\/v2\/categories?post=121625"},{"taxonomy":"post_tag","embeddable":true,"href":"https:\/\/vinasfm.com\/noticias\/wp-json\/wp\/v2\/tags?post=121625"}],"curies":[{"name":"wp","href":"https:\/\/api.w.org\/{rel}","templated":true}]}}