{"id":121622,"date":"2023-05-04T09:18:51","date_gmt":"2023-05-04T12:18:51","guid":{"rendered":"https:\/\/vinasfm.com\/noticias\/?p=121622"},"modified":"2023-05-05T08:21:39","modified_gmt":"2023-05-05T11:21:39","slug":"mendoza-inyecto-300-millones-al-fondo-compensador-agricola-para-mitigar-danos-por-el-granizo-y-heladas","status":"publish","type":"post","link":"https:\/\/vinasfm.com\/noticias\/mendoza-inyecto-300-millones-al-fondo-compensador-agricola-para-mitigar-danos-por-el-granizo-y-heladas\/","title":{"rendered":"MENDOZA INYECT\u00d3 $300 MILLONES AL FONDO COMPENSADOR AGR\u00cdCOLA PARA MITIGAR DA\u00d1OS POR EL GRANIZO Y HELADAS"},"content":{"rendered":"<p><strong>Mediante la figura del fideicomiso, se prev\u00e9 concretar la asistencia a los productores que formen parte del \u00abPrograma de Compensaci\u00f3n de Da\u00f1os por Contingencias Clim\u00e1ticas\u00bb.<\/strong><\/p>\n<p>El Gobierno de\u00a0<strong>Mendoza inyect\u00f3 $300 millones al Fondo Compensador Agr\u00edcola\u00a0<\/strong>para ampliar la ayuda a los productores\u00a0afectados por las\u00a0<strong>heladas tard\u00edas, el granizo y la sequ\u00eda<\/strong>.<\/p>\n<p>Mediante un decreto firmado por el gobernador\u00a0<strong>Rodolfo Suarez<\/strong>\u00a0y el ministro Enrique Vaqui\u00e9 se le otorg\u00f3 un aporte al Fideicomiso de Administraci\u00f3n del Fondo Compensador Agr\u00edcola.<\/p>\n<p>Desde\u00a0<strong>Econom\u00eda<\/strong>\u00a0argumentaron que se buscar\u00e1 de esta forma\u00a0<strong>\u00abatender a las p\u00e9rdidas por contingencias clim\u00e1ticas\u00bb<\/strong>\u00a0y que el aporte al\u00a0<strong>fideicomiso<\/strong>\u00a0se realiz\u00f3 para\u00a0<strong>\u00ab<\/strong>proveer una herramienta transparente, eficaz y reparadora para\u00a0<strong>mitigar las p\u00e9rdidas que se producen y permitir la continuidad productiva del agricultor ayudando a hacer frente a los costos que debe afrontar mediante un Fondo Compensador<\/strong>.<\/p>\n<p>\u00ab<strong>Mediante la figura del fideicomiso, se prev\u00e9 concretar la asistencia a los productores que formen parte del Programa de Compensaci\u00f3n de Da\u00f1os por Contingencias Clim\u00e1ticas, a trav\u00e9s del otorgamiento de una compensaci\u00f3n tendiente a mitigar las consecuencias por accidentes clim\u00e1ticos\u00bb<\/strong>, declararon.<\/p>\n<p>Algunas entidades agr\u00edcolas calcularon que las contingencias clim\u00e1ticas hicieron que se pierda\u00a0<strong>m\u00e1s del 30% de la cosecha<\/strong>\u00a0de vid en la provincia.<\/p>\n<h2>Otros aportes para productores<\/h2>\n<p>La semana pasada la Provincia anunci\u00f3 el desembolso de m\u00e1s de\u00a0<strong>$2.200 millones<\/strong>\u00a0para productores afectados por contingencias clim\u00e1ticas con los pagos de las compensaciones tanto del\u00a0<strong>Seguro Agr\u00edcola (SA)<\/strong>\u00a0para los adheridos, como para quienes reciben el beneficio del\u00a0<strong>Plan Producir (PP)<\/strong>. Como en a\u00f1os anteriores, se les liquidar\u00e1 en primer lugar a los productores con mayores porcentajes de da\u00f1o y luego a los de menor porcentaje.<\/p>\n<p><strong>Son m\u00e1s de 5.300 los productores que recibir\u00e1n compensaciones en toda la provincia<\/strong>. La zona Sur es la que tiene la mayor cantidad de beneficiarios del Seguro y del Plan Producir (2.663), seguida por la zona Este (2.022), luego, la zona Norte (410) y, finalmente, el Valle de Uco (271).<\/p>\n<p>Las compensaciones para los productores de hasta 20 hect\u00e1reas que est\u00e9n adheridos al Seguro Agr\u00edcola y reciban el Plan Producir alcanzar\u00e1n\u00a0<strong>un total de $110.000<\/strong>\u00a0($72.000 del SA y $38.000 del PP) por hect\u00e1rea da\u00f1ada 100%. Los productores de hasta 20 hect\u00e1reas que no cuenten con el seguro recibir\u00e1n por el Plan Producir\u00a0<strong>$38.000<\/strong>\u00a0por hect\u00e1rea da\u00f1ada 100%, al igual que los productores que adeuden cuotas del seguro. En este caso, se les descontar\u00e1n las cuotas adeudadas de la compensaci\u00f3n.<\/p>\n<p>&nbsp;<\/p>\n","protected":false},"excerpt":{"rendered":"<p>Mediante la figura del fideicomiso, se prev\u00e9 concretar la asistencia a los productores que formen parte del \u00abPrograma de Compensaci\u00f3n de &#8230;<\/p>\n","protected":false},"author":7,"featured_media":121623,"comment_status":"open","ping_status":"open","sticky":false,"template":"","format":"standard","meta":{"footnotes":""},"categories":[5,14],"tags":[],"class_list":["post-121622","post","type-post","status-publish","format-standard","has-post-thumbnail","hentry","category-actualidad","category-agro"],"_links":{"self":[{"href":"https:\/\/vinasfm.com\/noticias\/wp-json\/wp\/v2\/posts\/121622","targetHints":{"allow":["GET"]}}],"collection":[{"href":"https:\/\/vinasfm.com\/noticias\/wp-json\/wp\/v2\/posts"}],"about":[{"href":"https:\/\/vinasfm.com\/noticias\/wp-json\/wp\/v2\/types\/post"}],"author":[{"embeddable":true,"href":"https:\/\/vinasfm.com\/noticias\/wp-json\/wp\/v2\/users\/7"}],"replies":[{"embeddable":true,"href":"https:\/\/vinasfm.com\/noticias\/wp-json\/wp\/v2\/comments?post=121622"}],"version-history":[{"count":1,"href":"https:\/\/vinasfm.com\/noticias\/wp-json\/wp\/v2\/posts\/121622\/revisions"}],"predecessor-version":[{"id":121624,"href":"https:\/\/vinasfm.com\/noticias\/wp-json\/wp\/v2\/posts\/121622\/revisions\/121624"}],"wp:featuredmedia":[{"embeddable":true,"href":"https:\/\/vinasfm.com\/noticias\/wp-json\/wp\/v2\/media\/121623"}],"wp:attachment":[{"href":"https:\/\/vinasfm.com\/noticias\/wp-json\/wp\/v2\/media?parent=121622"}],"wp:term":[{"taxonomy":"category","embeddable":true,"href":"https:\/\/vinasfm.com\/noticias\/wp-json\/wp\/v2\/categories?post=121622"},{"taxonomy":"post_tag","embeddable":true,"href":"https:\/\/vinasfm.com\/noticias\/wp-json\/wp\/v2\/tags?post=121622"}],"curies":[{"name":"wp","href":"https:\/\/api.w.org\/{rel}","templated":true}]}}